{"id":469,"date":"2013-03-07T08:30:15","date_gmt":"2013-03-07T08:30:15","guid":{"rendered":"http:\/\/blogs.hoy.es\/solitaencaceres\/?p=469"},"modified":"2013-03-07T08:30:15","modified_gmt":"2013-03-07T08:30:15","slug":"j-r-alonso-de-la-torre-un-hombre-feliz-e-insolito","status":"publish","type":"post","link":"https:\/\/blogs.hoy.es\/solitaencaceres\/2013\/03\/07\/j-r-alonso-de-la-torre-un-hombre-feliz-e-insolito\/","title":{"rendered":"J.R. Alonso de la Torre, un hombre feliz e ins\u00f3lito"},"content":{"rendered":"<p style=\"text-align: center;\"><a href=\"\/solitaencaceres\/wp-content\/uploads\/sites\/41\/2013\/03\/Alonso-de-la-torre.png\"><img loading=\"lazy\" class=\"aligncenter  wp-image-470\" title=\"J. R. Alonso de la torre\" src=\"\/solitaencaceres\/wp-content\/uploads\/sites\/41\/2013\/03\/Alonso-de-la-torre.png\" alt=\"\" width=\"575\" height=\"432\" srcset=\"https:\/\/static-blogs.hoy.es\/wp-content\/uploads\/sites\/41\/2013\/03\/Alonso-de-la-torre.png 821w, https:\/\/static-blogs.hoy.es\/wp-content\/uploads\/sites\/41\/2013\/03\/Alonso-de-la-torre-300x225.png 300w, https:\/\/static-blogs.hoy.es\/wp-content\/uploads\/sites\/41\/2013\/03\/Alonso-de-la-torre-768x577.png 768w\" sizes=\"(max-width: 575px) 100vw, 575px\" \/><\/a><\/p>\n<p>Conoc\u00ed a <strong>Jos\u00e9 Ram\u00f3n Alonso de la Torre<\/strong> hace ya bastantes a\u00f1os, en el<strong> Instituto de Arroyo de la Luz<\/strong>, donde ejerc\u00eda su labor como <strong>profesor de Lengua y literatura<\/strong>. La primera toma de contacto que tuvimos fue <strong>visual<\/strong>. Recuerdo que yo estaba en <strong>segundo de la ESO<\/strong>, que solo lo conoc\u00eda de o\u00eddas, de las an\u00e9cdotas que escuchaba sobre \u00e9l, de lo divertido que dec\u00edan que era, y en <strong>el sal\u00f3n de actos<\/strong>, <strong>en el recital de poes\u00edas de la graduaci\u00f3n de segundo de Bachillerato<\/strong>, all\u00ed estaba, en el escenario frente a Vanesa, una de las chicas que se graduaba, leyendo con ella la poes\u00eda<strong> \u201cContigo\u201d de Joaqu\u00edn Sabina,<\/strong> susurr\u00e1ndole al o\u00eddo, creando <strong>un cl\u00edmax perfecto<\/strong>, hasta el punto de hacer llorar a gran parte de los asistentes y dejarnos marcado <strong>ese m\u00e1gico momento en la retina.<\/strong> En ese instante, <strong>todas quisimos ser Vanesa.<\/strong><\/p>\n<p>Poco despu\u00e9s, cuando llegu\u00e9 <strong>a tercero de ESO, el destino nos puso en el camino.<\/strong> Me fascin\u00f3 desde la primera clase <strong>la energ\u00eda y el buen rollo<\/strong> que transmit\u00eda. Sus clases se pasaban volando, miraba el reloj, y al contrario que en las otras,<strong> quer\u00eda pararlo, congelarlo, que no transcurriese el tiempo.<\/strong> Lo mismo pod\u00eda ponerse a cantar<strong> El Redoble<\/strong> y bailarlo que a <strong>contarte las \u00faltimas noticias que hab\u00edan salido en la prensa regional<\/strong>, que a pegar cuatro voces, <strong>desplazar mesas con un movimiento brusco<\/strong> o intimidarte de la forma que menos pudieses imaginar, eso s\u00ed, siempre actuando.<strong> Teatrero era un rato.<\/strong><\/p>\n<p><strong>Un hombre feliz e ins\u00f3lito,<\/strong> esa es la descripci\u00f3n perfecta para <strong>Jos\u00e9 Ram\u00f3n<\/strong>, no hay dos adjetivos que lo definan con <strong>mayor precisi\u00f3n.<\/strong> Un hombre que fue capaz de sacarme adelante, <strong>de hacer de padre y re\u00f1irme para que no dejase de estudiar<\/strong> cuando me daban bajones, <strong>un se\u00f1or de los pies a la cabeza,<\/strong> que cuando yo criticaba en<strong> mis redacciones radicales los convencionalismos sociales<\/strong> y me echaba a la clase encima, me defend\u00eda.<\/p>\n<p>Gracias a \u00e9l,<strong> descubr\u00ed la filolog\u00eda y el periodismo.<\/strong> Recuerdo que lo primero que hice cuando me pusieron Internet en casa, hace unos cuatro a\u00f1os por estas fechas, fue entrar en el<strong> HOY<\/strong> a leer su <strong>columna diaria,<\/strong> de la que tanto aprend\u00eda. <strong>Me encantaban sus peripecias, me conoc\u00eda todas sus an\u00e9cdotas, me estudiaba cada unos de sus textos<\/strong> y esa complicidad, ese choque de miradas que se entienden, <strong>esa conectividad<\/strong>, se notaba en clase. Yo me sent\u00eda por aquella \u00e9poca <strong>una inculta de la vida<\/strong> y la verdad es que raz\u00f3n no me faltaba, porque ten\u00eda poqu\u00edsima cultura general. Me cogi\u00f3 en la<strong> etapa perfecta para educarme<\/strong> y para sacarme hacia delante, y a d\u00eda de hoy, <strong>mientras escribo este post, puedo certificar que lo consigui\u00f3.<\/strong><\/p>\n<p>Sin <strong>Jos\u00e9 Ram\u00f3n Alonso de la Torre<\/strong> nunca hubiera tenido la oportunidad de<strong> escribir este blog<\/strong>, de hacer lo que de verdad me gusta, de ser <strong>Solita en C\u00e1ceres<\/strong> y seguir los pasos de mi \u00eddolo. Por eso, este post, que <strong>es muy especial por ser el n\u00famero 100, se lo dedico a \u00e9l.<\/strong> Y aprovecho para publicitar la <strong>conferencia<\/strong> que dar\u00e1 ma\u00f1ana viernes en el <strong>sal\u00f3n de actos de la Biblioteca P\u00fablica de C\u00e1ceres a las 19.30 horas.<\/strong> No se la pueden perder. <strong>C\u00e1ceres, una ciudad feliz e\u00a0<\/strong><strong>ins\u00f3lita.<\/strong> Una ciudad digna de un columnista que lleva sus mismos adjetivos. <strong>Yo, desde luego, no pienso perd\u00e9rmela.<\/strong><\/p>\n<!-- AddThis Advanced Settings generic via filter on the_content --><!-- AddThis Share Buttons generic via filter on the_content -->","protected":false},"excerpt":{"rendered":"<p>Conoc\u00ed a Jos\u00e9 Ram\u00f3n Alonso de la Torre hace ya bastantes a\u00f1os, en el Instituto de Arroyo de la Luz, donde ejerc\u00eda su labor como profesor de Lengua y literatura. La primera toma de contacto que tuvimos fue visual. Recuerdo que yo estaba en segundo de la ESO, que solo lo conoc\u00eda de o\u00eddas, de [&hellip;]<!-- AddThis Advanced Settings generic via filter on get_the_excerpt --><!-- AddThis Share Buttons generic via filter on get_the_excerpt --><\/p>\n","protected":false},"author":45,"featured_media":0,"comment_status":"open","ping_status":"closed","sticky":false,"template":"","format":"standard","meta":[],"categories":[3],"tags":[20,457,477,536,577,694,833,860,913,955,956,1014,1018,1040,1047,1106,1130,1228,1429,1488,1497,1688,1891,1958,2037,2069,2134,2140,2182,2192,2193,2289,2718,2931,3184,3299,3344,3375,3413,3515,3554,3580,3678,3734,3834,3936,3975,4031,4146,4168],"_links":{"self":[{"href":"https:\/\/blogs.hoy.es\/solitaencaceres\/wp-json\/wp\/v2\/posts\/469"}],"collection":[{"href":"https:\/\/blogs.hoy.es\/solitaencaceres\/wp-json\/wp\/v2\/posts"}],"about":[{"href":"https:\/\/blogs.hoy.es\/solitaencaceres\/wp-json\/wp\/v2\/types\/post"}],"author":[{"embeddable":true,"href":"https:\/\/blogs.hoy.es\/solitaencaceres\/wp-json\/wp\/v2\/users\/45"}],"replies":[{"embeddable":true,"href":"https:\/\/blogs.hoy.es\/solitaencaceres\/wp-json\/wp\/v2\/comments?post=469"}],"version-history":[{"count":0,"href":"https:\/\/blogs.hoy.es\/solitaencaceres\/wp-json\/wp\/v2\/posts\/469\/revisions"}],"wp:attachment":[{"href":"https:\/\/blogs.hoy.es\/solitaencaceres\/wp-json\/wp\/v2\/media?parent=469"}],"wp:term":[{"taxonomy":"category","embeddable":true,"href":"https:\/\/blogs.hoy.es\/solitaencaceres\/wp-json\/wp\/v2\/categories?post=469"},{"taxonomy":"post_tag","embeddable":true,"href":"https:\/\/blogs.hoy.es\/solitaencaceres\/wp-json\/wp\/v2\/tags?post=469"}],"curies":[{"name":"wp","href":"https:\/\/api.w.org\/{rel}","templated":true}]}}