{"id":474,"date":"2013-03-12T10:00:32","date_gmt":"2013-03-12T10:00:32","guid":{"rendered":"http:\/\/blogs.hoy.es\/solitaencaceres\/?p=474"},"modified":"2013-03-12T10:00:32","modified_gmt":"2013-03-12T10:00:32","slug":"inyectando-indiciones-gramaticales","status":"publish","type":"post","link":"https:\/\/blogs.hoy.es\/solitaencaceres\/2013\/03\/12\/inyectando-indiciones-gramaticales\/","title":{"rendered":"Inyectando \u2018indiciones\u2019 gramaticales"},"content":{"rendered":"<p><a href=\"\/solitaencaceres\/wp-content\/uploads\/sites\/41\/2013\/03\/jeringuilla.jpg\"><img loading=\"lazy\" class=\"aligncenter size-full wp-image-475\" title=\"jeringuilla\" src=\"\/solitaencaceres\/wp-content\/uploads\/sites\/41\/2013\/03\/jeringuilla.jpg\" alt=\"\" width=\"150\" height=\"200\" \/><\/a><\/p>\n<p><strong>\u00bfQui\u00e9n no ha ido nunca al m\u00e9dico y no le han puesto una \u2018indici\u00f3n\u2019?<\/strong> S\u00ed, s\u00ed, como lo oyen, bueno, en este caso como lo leen. Hace alg\u00fan tiempo, ten\u00eda complejo de ser una de las pocas personas que<strong> dec\u00edan \u2018indici\u00f3n\u2019 por inyecci\u00f3n<\/strong>, pero poco despu\u00e9s me he dado cuenta <strong>en mi pueblo de que m\u00e1s gente de mi edad tambi\u00e9n comete ese error.<\/strong><\/p>\n<p>Hasta hace poco, cuando empec\u00e9 la carrera,<strong> no fui \u2018escapaz\u2019 de acostumbrarme a hablar bien<\/strong>, a dejar a un lado los<strong> \u2018as\u00edn\u2019<\/strong> que tanto le corrijo ahora a mi madre, porque <strong>los \u2018as\u00edn como as\u00edn\u2019 en los \u00e1mbitos rurales no pasan desapercibidos.<\/strong> Creo que la verg\u00fcenza a<strong> encontrarme en un ambiente tan culto con un lenguaje tan vulgar<\/strong>, hizo que yo misma me exigiese hablar bien. Porque si me picaba un mosquito, yo me<strong> \u2018arrascaba\u2019<\/strong>, si estaba c\u00f3moda en un lugar, estaba<strong> \u2018agusto\u2019<\/strong> y si un p\u00e1jaro se pon\u00eda sobre el banco en el que yo estaba sentada, se<strong> \u2018aposaba\u2019<\/strong>. Ten\u00eda tendencia a poner la \u2018a\u2019 delante de verbos que no la llevan o que la llevan separada y que yo desconoc\u00eda por completo que reprodujese mal.<\/p>\n<p>Yo de chica le dec\u00eda a mi <strong>\u2018mama\u2019<\/strong>,<strong> sin tilde<\/strong>, cosa por lo que a\u00fan <strong>se r\u00ede mucha gente cuando me refiero a ella<\/strong>, que me preparase <strong>\u2018alm\u00f3ndigas y crocretas\u2019<\/strong>. Si se me resbalaba el vaso de agua cuando iba a beber, <strong>lo ca\u00eda, no lo tiraba<\/strong>, que realmente es lo correcto. <strong>Echaba fotos con la c\u00e1mara<\/strong>, as\u00ed, a lo bestia, con<strong> lo f\u00e1cil que hubiera sido sacarlas<\/strong>. Y si me la olvidaba en casa, o los deberes de clase, algo que me sol\u00eda pasar con mucha frecuencia, <strong>me los quedaba, no me los dejaba.<\/strong><\/p>\n<p>Ahora por suerte, <strong>excepto alg\u00fan \u2018escapaz\u2019 que se me escapa sin querer<\/strong>, porque me siento incapaz de controlarlo, y el tema de las <strong>indiciones<\/strong>, que adem\u00e1s de que intento evitar pon\u00e9rmelas, porque ya puedo estar moribunda para dejarme llevar al m\u00e9dico, nunca ir\u00e9 por mi propio pie, por lo dem\u00e1s, no suelo cometer m\u00e1s errores de habla vulgar. Eso s\u00ed, reconozco que ahora,<strong> las alb\u00f3ndigas y las croquetas de mi madre no me saben igual.<\/strong><\/p>\n<!-- AddThis Advanced Settings generic via filter on the_content --><!-- AddThis Share Buttons generic via filter on the_content -->","protected":false},"excerpt":{"rendered":"<p>\u00bfQui\u00e9n no ha ido nunca al m\u00e9dico y no le han puesto una \u2018indici\u00f3n\u2019? S\u00ed, s\u00ed, como lo oyen, bueno, en este caso como lo leen. Hace alg\u00fan tiempo, ten\u00eda complejo de ser una de las pocas personas que dec\u00edan \u2018indici\u00f3n\u2019 por inyecci\u00f3n, pero poco despu\u00e9s me he dado cuenta en mi pueblo de que [&hellip;]<!-- AddThis Advanced Settings generic via filter on get_the_excerpt --><!-- AddThis Share Buttons generic via filter on get_the_excerpt --><\/p>\n","protected":false},"author":45,"featured_media":0,"comment_status":"open","ping_status":"closed","sticky":false,"template":"","format":"standard","meta":[],"categories":[3],"tags":[135,145,171,190,256,288,312,313,597,638,1096,1128,1171,1475,1486,1746,1953,2101,2150,2361,2443,2509,2600,2665,2769,3447,3472,3812,4015,4223,4250,4324],"_links":{"self":[{"href":"https:\/\/blogs.hoy.es\/solitaencaceres\/wp-json\/wp\/v2\/posts\/474"}],"collection":[{"href":"https:\/\/blogs.hoy.es\/solitaencaceres\/wp-json\/wp\/v2\/posts"}],"about":[{"href":"https:\/\/blogs.hoy.es\/solitaencaceres\/wp-json\/wp\/v2\/types\/post"}],"author":[{"embeddable":true,"href":"https:\/\/blogs.hoy.es\/solitaencaceres\/wp-json\/wp\/v2\/users\/45"}],"replies":[{"embeddable":true,"href":"https:\/\/blogs.hoy.es\/solitaencaceres\/wp-json\/wp\/v2\/comments?post=474"}],"version-history":[{"count":0,"href":"https:\/\/blogs.hoy.es\/solitaencaceres\/wp-json\/wp\/v2\/posts\/474\/revisions"}],"wp:attachment":[{"href":"https:\/\/blogs.hoy.es\/solitaencaceres\/wp-json\/wp\/v2\/media?parent=474"}],"wp:term":[{"taxonomy":"category","embeddable":true,"href":"https:\/\/blogs.hoy.es\/solitaencaceres\/wp-json\/wp\/v2\/categories?post=474"},{"taxonomy":"post_tag","embeddable":true,"href":"https:\/\/blogs.hoy.es\/solitaencaceres\/wp-json\/wp\/v2\/tags?post=474"}],"curies":[{"name":"wp","href":"https:\/\/api.w.org\/{rel}","templated":true}]}}