{"id":496,"date":"2013-03-21T10:00:21","date_gmt":"2013-03-21T10:00:21","guid":{"rendered":"http:\/\/blogs.hoy.es\/solitaencaceres\/?p=496"},"modified":"2013-03-21T10:00:21","modified_gmt":"2013-03-21T10:00:21","slug":"malditos-examenes-de-julio","status":"publish","type":"post","link":"https:\/\/blogs.hoy.es\/solitaencaceres\/2013\/03\/21\/malditos-examenes-de-julio\/","title":{"rendered":"\u00a1Malditos ex\u00e1menes de julio!"},"content":{"rendered":"<p><a href=\"\/solitaencaceres\/wp-content\/uploads\/sites\/41\/2013\/03\/ExamenesSeptiembre07.jpg\"><img loading=\"lazy\" class=\"aligncenter size-full wp-image-497\" title=\"Ex\u00e1menes de julio\" src=\"\/solitaencaceres\/wp-content\/uploads\/sites\/41\/2013\/03\/ExamenesSeptiembre07.jpg\" alt=\"\" width=\"245\" height=\"154\" \/><\/a><\/p>\n<p>Llevo un mes esperando que salga una<strong> beca para irme un mes a Galicia a aprender gallego en verano.<\/strong> Estaba muy ilusionada, empezaba a so\u00f1ar ya con visitar la <strong>catedral de Santiago<\/strong>, con ir a ver <strong>Riazor<\/strong>, el estadio del <strong>Deportivo de la Coru\u00f1a<\/strong>, o<strong> Bala\u00eddos,<\/strong> el estadio del<strong> Celta de Vigo<\/strong>, visitar la casa donde vivi\u00f3 <strong>Rosal\u00eda de Castro<\/strong>, escuchar la <strong>gaita gallega<\/strong>, hartarme de marisco, probar el <strong>pulpo a la gallega<\/strong>&#8230; y para finalizar, no pod\u00eda faltar visitar las <strong>Islas C\u00edes<\/strong>, donde se encuentra<strong> la mejor playa del mundo, la Playa de Rodas<\/strong>, seg\u00fan el peri\u00f3dico <strong>The Guardian<\/strong>.<\/p>\n<p>Pero ya nada de esto va a ser posible, y todo por culpa de una mala coordinaci\u00f3n, o buena, seg\u00fan se mire. Si lo que quer\u00edan era que<strong> solo los que mejores notas sacasen y los que aprobasen todas las asignaturas disfrutasen de este tipo de becas, han conseguido su objetivo<\/strong>. El curso de gallego dura del<strong> 1 al 24 de julio<\/strong>, coincidiendo con los <strong>ex\u00e1menes de recuperaci\u00f3n<\/strong> en la <strong>Universidad de Extremadura<\/strong>, que si hubieran sido en <strong>septiembre<\/strong>, nos hubieran permitido asistir a este curso.<\/p>\n<p>Estoy cabreada, s\u00ed, mucho. Y ya no solo por no poder ir al curso, que me da mucha rabia, sino porque<strong> los ex\u00e1menes de julio me parecen una locura, son todo desventajas.<\/strong> Para empezar, si es duro estar en un aula a <strong>principios de junio,<\/strong> hacer un examen de<strong> tres horas sudando<\/strong>, entre los nervios y el calor, a base de <strong>botellines de agua<\/strong>, imag\u00ednense lo que es estar en pleno<strong> mes de julio<\/strong>, <strong>a cuarenta grados<\/strong>, en unas aulas con mala ventilaci\u00f3n, peque\u00f1as, en las que<strong> tanto alumnos como profesores nos asfixiamos.<\/strong><\/p>\n<p>Segundo punto. \u00bfC\u00f3mo voy a prepararme una asignatura como<strong> portugu\u00e9s,<\/strong> que tengo abandonada por coincidencia en el horario con otras asignaturas, en 15 d\u00edas? Con los ex\u00e1menes en septiembre <strong>ten\u00edas todo el verano para sacar las asignaturas adelante, te apuntabas a clases particulares,<\/strong> ten\u00edas m\u00e1s d\u00edas para estudiar, incluso pod\u00edas desconectar un par de semanas y relajarte para <strong>cargar las pilas.<\/strong><\/p>\n<p>Y para terminar. <strong>El verano pasado muchos estudiantes tuvieron que irse a trabajar los meses de julio y agosto para sacar dinero y mantenerse durante el curso.<\/strong> Este a\u00f1o, terminando un mes m\u00e1s tarde y empezando las clases un mes antes, <strong>\u00bfde d\u00f3nde van a sacar tiempo para ponerse a trabajar?\u00a0<\/strong><\/p>\n<p>A todos esos que juegan con <strong>nuestra educaci\u00f3n<\/strong> y con nuestro futuro los met\u00eda yo <strong>en un aula a las cuatro de la tarde a hacer un examen de m\u00e1s de tres horas en pleno mes de julio<\/strong>. Sin embargo, seguro que, mientras nosotros pasamos un verano de pena, ellos se van a las<strong> Islas C\u00edes a darse un ba\u00f1o de lujo tras comerse un pulpo a la gallega.<\/strong><\/p>\n<!-- AddThis Advanced Settings generic via filter on the_content --><!-- AddThis Share Buttons generic via filter on the_content -->","protected":false},"excerpt":{"rendered":"<p>Llevo un mes esperando que salga una beca para irme un mes a Galicia a aprender gallego en verano. Estaba muy ilusionada, empezaba a so\u00f1ar ya con visitar la catedral de Santiago, con ir a ver Riazor, el estadio del Deportivo de la Coru\u00f1a, o Bala\u00eddos, el estadio del Celta de Vigo, visitar la casa [&hellip;]<!-- AddThis Advanced Settings generic via filter on get_the_excerpt --><!-- AddThis Share Buttons generic via filter on get_the_excerpt --><\/p>\n","protected":false},"author":45,"featured_media":0,"comment_status":"open","ping_status":"closed","sticky":false,"template":"","format":"standard","meta":[],"categories":[3],"tags":[180,259,311,330,373,433,511,630,713,778,792,905,1102,1107,1143,1175,1192,1321,1566,1594,1598,1599,1808,1811,2023,2158,2230,2275,2287,2560,3336,3415,3461,3597,3638,3756,3989,4072,4192,4247],"_links":{"self":[{"href":"https:\/\/blogs.hoy.es\/solitaencaceres\/wp-json\/wp\/v2\/posts\/496"}],"collection":[{"href":"https:\/\/blogs.hoy.es\/solitaencaceres\/wp-json\/wp\/v2\/posts"}],"about":[{"href":"https:\/\/blogs.hoy.es\/solitaencaceres\/wp-json\/wp\/v2\/types\/post"}],"author":[{"embeddable":true,"href":"https:\/\/blogs.hoy.es\/solitaencaceres\/wp-json\/wp\/v2\/users\/45"}],"replies":[{"embeddable":true,"href":"https:\/\/blogs.hoy.es\/solitaencaceres\/wp-json\/wp\/v2\/comments?post=496"}],"version-history":[{"count":0,"href":"https:\/\/blogs.hoy.es\/solitaencaceres\/wp-json\/wp\/v2\/posts\/496\/revisions"}],"wp:attachment":[{"href":"https:\/\/blogs.hoy.es\/solitaencaceres\/wp-json\/wp\/v2\/media?parent=496"}],"wp:term":[{"taxonomy":"category","embeddable":true,"href":"https:\/\/blogs.hoy.es\/solitaencaceres\/wp-json\/wp\/v2\/categories?post=496"},{"taxonomy":"post_tag","embeddable":true,"href":"https:\/\/blogs.hoy.es\/solitaencaceres\/wp-json\/wp\/v2\/tags?post=496"}],"curies":[{"name":"wp","href":"https:\/\/api.w.org\/{rel}","templated":true}]}}