{"id":499,"date":"2013-03-22T10:00:13","date_gmt":"2013-03-22T10:00:13","guid":{"rendered":"http:\/\/blogs.hoy.es\/solitaencaceres\/?p=499"},"modified":"2013-03-22T10:00:13","modified_gmt":"2013-03-22T10:00:13","slug":"a-los-16-anos-no-interesan-los-museos","status":"publish","type":"post","link":"https:\/\/blogs.hoy.es\/solitaencaceres\/2013\/03\/22\/a-los-16-anos-no-interesan-los-museos\/","title":{"rendered":"A los 16 a\u00f1os no interesan los museos"},"content":{"rendered":"<p style=\"text-align: center;\"><a href=\"\/solitaencaceres\/wp-content\/uploads\/sites\/41\/2013\/03\/museo-aljibe1.jpg\"><img loading=\"lazy\" class=\"aligncenter  wp-image-501\" title=\"Aljibe\" src=\"\/solitaencaceres\/wp-content\/uploads\/sites\/41\/2013\/03\/museo-aljibe1.jpg\" alt=\"\" width=\"500\" height=\"333\" srcset=\"https:\/\/static-blogs.hoy.es\/wp-content\/uploads\/sites\/41\/2013\/03\/museo-aljibe1.jpg 927w, https:\/\/static-blogs.hoy.es\/wp-content\/uploads\/sites\/41\/2013\/03\/museo-aljibe1-300x200.jpg 300w, https:\/\/static-blogs.hoy.es\/wp-content\/uploads\/sites\/41\/2013\/03\/museo-aljibe1-768x511.jpg 768w\" sizes=\"(max-width: 500px) 100vw, 500px\" \/><\/a><\/p>\n<p>Recuerdo el d\u00eda que fui a visitar el <strong>Louvre<\/strong>, a mis <strong>16 a\u00f1os<\/strong> en una excursi\u00f3n de instituto, como<strong> uno de los m\u00e1s largos e interminables de mi vida.<\/strong> Tengo en la cabeza aquellas tres horas pesad\u00edsimas, viendo <strong>cuadros y esculturas que no entend\u00eda ni me interesaban,<\/strong> escuchando nombres de autores y \u00e9pocas de la historia que no asociaba, buscando los bancos vac\u00edos o las escaleras m\u00e1s cercanas para tirarme a <strong>esperar que corriese el tiempo.<\/strong><\/p>\n<p><a href=\"\/solitaencaceres\/wp-content\/uploads\/sites\/41\/2013\/03\/Museo.jpg\"><img loading=\"lazy\" class=\"alignleft size-medium wp-image-502\" title=\"Carro\" src=\"\/solitaencaceres\/wp-content\/uploads\/sites\/41\/2013\/03\/Museo.jpg\" alt=\"\" width=\"300\" height=\"200\" srcset=\"https:\/\/static-blogs.hoy.es\/wp-content\/uploads\/sites\/41\/2013\/03\/Museo.jpg 927w, https:\/\/static-blogs.hoy.es\/wp-content\/uploads\/sites\/41\/2013\/03\/Museo-300x200.jpg 300w, https:\/\/static-blogs.hoy.es\/wp-content\/uploads\/sites\/41\/2013\/03\/Museo-768x513.jpg 768w\" sizes=\"(max-width: 300px) 100vw, 300px\" \/><\/a>\u00a0A los 16 a\u00f1os, si uno va a<strong> Par\u00eds,<\/strong> a <strong>Madrid<\/strong> o a <strong>C\u00e1ceres<\/strong> desde su pueblo,<strong> lo \u00faltimo que quiere ver son museos.<\/strong> Pero los profesores tienen la costumbre de llevarte a ver una<strong> obra de teatro<\/strong> y meterte en <strong>el museo m\u00e1s cercano,<\/strong> y no se dan cuenta de que lo \u00fanico que consiguen es que<strong> los acabes aborreciendo.<\/strong> Es como cuando<strong> te obligan a leer muchos libros en la escuela,<\/strong> que solo por el hecho de sentirte rebelde y llevar la contraria, le echas un vistazo a la contraportada o le dices a tu madre que se lo lea por ti (en mi caso) y cada vez que ves un libro, piensas:<strong> &#8220;Leer es un co\u00f1azo&#8221;.<\/strong> Tenemos la man\u00eda, sobre todo en la adolescencia, de pensar que<strong> todo lo que nos obligan a hacer es aburrido.<\/strong> Creo que si nos prohibieran los libros, nos morir\u00edamos de ganas de leer.<\/p>\n<p><a href=\"\/solitaencaceres\/wp-content\/uploads\/sites\/41\/2013\/03\/museo22.jpg\"><img loading=\"lazy\" class=\"alignright size-medium wp-image-506\" title=\"museo\" src=\"\/solitaencaceres\/wp-content\/uploads\/sites\/41\/2013\/03\/museo22.jpg\" alt=\"\" width=\"197\" height=\"300\" \/><\/a>Poco despu\u00e9s, cuando entras en <strong>Bachillerato,<\/strong> ya la cosa cambia. Si llegas hasta ah\u00ed y no te conformas con la <strong>ESO,<\/strong> es porque tienes cierto inter\u00e9s por culturizarte. Y es ah\u00ed cuando ya empiezas a conocer autores, obras de arte importantes&#8230; y cuando m\u00e1s te fastidia haber estado al lado de ellas, como me pas\u00f3 en el Louvre precisamente con <strong>La libertad guiando al pueblo<\/strong>, de Delacroix, y <strong>La balsa de las medusas<\/strong>, de G\u00e9ricault, y no haber podido disfrutar de verlas a conciencia, sabiendo su significado. Bueno, caso aparte fue lo de<strong> La Gioconda,<\/strong> que me decepcion\u00f3 tanto su tama\u00f1o y estaba <strong>tan lleno aquello de turistas<\/strong> fotografi\u00e1ndola, que ni siquiera recuerdo haberla estado mirando m\u00e1s de cinco segundos. Porque eso s\u00ed, cuando tienes 16 a\u00f1os,<strong> valoras las cosas m\u00e1s por su tama\u00f1o que por su calidad o el enigma que tienen.<\/strong> Ves un cuadro grande y piensas: &#8220;Este debe de ser muy importante&#8221;.<\/p>\n<p><a href=\"\/solitaencaceres\/wp-content\/uploads\/sites\/41\/2013\/03\/Museo-Semana-Santa1.jpg\"><img loading=\"lazy\" class=\"alignleft size-medium wp-image-507\" title=\"Semana Santa\" src=\"\/solitaencaceres\/wp-content\/uploads\/sites\/41\/2013\/03\/Museo-Semana-Santa1.jpg\" alt=\"\" width=\"300\" height=\"199\" srcset=\"https:\/\/static-blogs.hoy.es\/wp-content\/uploads\/sites\/41\/2013\/03\/Museo-Semana-Santa1.jpg 928w, https:\/\/static-blogs.hoy.es\/wp-content\/uploads\/sites\/41\/2013\/03\/Museo-Semana-Santa1-300x200.jpg 300w, https:\/\/static-blogs.hoy.es\/wp-content\/uploads\/sites\/41\/2013\/03\/Museo-Semana-Santa1-768x511.jpg 768w\" sizes=\"(max-width: 300px) 100vw, 300px\" \/><\/a><strong>Ahora empiezo a disfrutar de los museos,<\/strong> pero paso a paso, siendo consciente de que voy porque me interesa ver su contenido, no porque nadie me obligue. Ayer, mientras yo disfrutaba visitando los de la <strong>Parte Antigua<\/strong> y fotografiando las obras que m\u00e1s me interesaban, observaba a alumnos de diversos institutos hartos de ver &#8216;piedras&#8217; que para ellos no ten\u00edan ning\u00fan valor, <strong>solo el encanto de perder un d\u00eda de clase.<\/strong> <strong>Se sentaban en las escaleras de la Plaza de San Jorge o en los poyos de San Mateo y su \u00fanico inter\u00e9s era que corriese el tiempo.<\/strong><\/p>\n<!-- AddThis Advanced Settings generic via filter on the_content --><!-- AddThis Share Buttons generic via filter on the_content -->","protected":false},"excerpt":{"rendered":"<p>Recuerdo el d\u00eda que fui a visitar el Louvre, a mis 16 a\u00f1os en una excursi\u00f3n de instituto, como uno de los m\u00e1s largos e interminables de mi vida. Tengo en la cabeza aquellas tres horas pesad\u00edsimas, viendo cuadros y esculturas que no entend\u00eda ni me interesaban, escuchando nombres de autores y \u00e9pocas de la [&hellip;]<!-- AddThis Advanced Settings generic via filter on get_the_excerpt --><!-- AddThis Share Buttons generic via filter on get_the_excerpt --><\/p>\n","protected":false},"author":45,"featured_media":0,"comment_status":"open","ping_status":"closed","sticky":false,"template":"","format":"standard","meta":[],"categories":[2],"tags":[16,68,104,180,343,365,384,577,616,1042,1101,1177,1435,1459,1478,1502,1504,1506,1603,1851,2132,2246,2265,2270,2383,2460,2485,2823,2941,2944,3066,3078,3172,3285,3415,3425,3510,3691,3912,3995,4126],"_links":{"self":[{"href":"https:\/\/blogs.hoy.es\/solitaencaceres\/wp-json\/wp\/v2\/posts\/499"}],"collection":[{"href":"https:\/\/blogs.hoy.es\/solitaencaceres\/wp-json\/wp\/v2\/posts"}],"about":[{"href":"https:\/\/blogs.hoy.es\/solitaencaceres\/wp-json\/wp\/v2\/types\/post"}],"author":[{"embeddable":true,"href":"https:\/\/blogs.hoy.es\/solitaencaceres\/wp-json\/wp\/v2\/users\/45"}],"replies":[{"embeddable":true,"href":"https:\/\/blogs.hoy.es\/solitaencaceres\/wp-json\/wp\/v2\/comments?post=499"}],"version-history":[{"count":0,"href":"https:\/\/blogs.hoy.es\/solitaencaceres\/wp-json\/wp\/v2\/posts\/499\/revisions"}],"wp:attachment":[{"href":"https:\/\/blogs.hoy.es\/solitaencaceres\/wp-json\/wp\/v2\/media?parent=499"}],"wp:term":[{"taxonomy":"category","embeddable":true,"href":"https:\/\/blogs.hoy.es\/solitaencaceres\/wp-json\/wp\/v2\/categories?post=499"},{"taxonomy":"post_tag","embeddable":true,"href":"https:\/\/blogs.hoy.es\/solitaencaceres\/wp-json\/wp\/v2\/tags?post=499"}],"curies":[{"name":"wp","href":"https:\/\/api.w.org\/{rel}","templated":true}]}}