{"id":52,"date":"2012-05-23T21:42:19","date_gmt":"2012-05-23T21:42:19","guid":{"rendered":"http:\/\/blogs.hoy.es\/solitaencaceres\/?p=52"},"modified":"2012-05-23T21:42:19","modified_gmt":"2012-05-23T21:42:19","slug":"modernizando-a-alonso-de-la-torre","status":"publish","type":"post","link":"https:\/\/blogs.hoy.es\/solitaencaceres\/2012\/05\/23\/modernizando-a-alonso-de-la-torre\/","title":{"rendered":"Modernizando a Alonso de la Torre"},"content":{"rendered":"<p>Desde que conozco a <strong>Alonso de la Torre<\/strong>, mi primer prop\u00f3sito ha sido rejuvenecerlo. Adem\u00e1s de ense\u00f1arle los trucos y secretos de las redes sociales entre los j\u00f3venes, he hecho todo lo posible por introducirlo en ese mundo. La primera vez que vio <a href=\"http:\/\/www.tuenti.com\/?m=login\" target=\"_blank\">Tuenti<\/a>, se sorprendi\u00f3 de <strong>lo f\u00e1cil que es mentir<\/strong>: los j\u00f3venes ponemos wapi, tQ, bsts y acto seguido entramos a ver las nuevas amistades, sus fotos, sus comentarios, y comenzamos a criticar: en esta foto tiene el culo gordo, mira con qui\u00e9n se besa en esta otra\u2026<\/p>\n<p style=\"text-align: center;\"><a href=\"\/solitaencaceres\/wp-content\/uploads\/sites\/41\/2012\/05\/Captura41.png\"><img loading=\"lazy\" class=\"aligncenter size-full wp-image-53\" title=\"Alonso de la Torre\" src=\"\/solitaencaceres\/wp-content\/uploads\/sites\/41\/2012\/05\/Captura41.png\" alt=\"\" width=\"631\" height=\"485\" srcset=\"https:\/\/static-blogs.hoy.es\/wp-content\/uploads\/sites\/41\/2012\/05\/Captura41.png 701w, https:\/\/static-blogs.hoy.es\/wp-content\/uploads\/sites\/41\/2012\/05\/Captura41-300x231.png 300w\" sizes=\"(max-width: 631px) 100vw, 631px\" \/><\/a><\/p>\n<p>El <a href=\"https:\/\/www.facebook.com\/\" target=\"_blank\">Facebook<\/a>, que es m\u00e1s para gente de su edad, <strong>ya lo entend\u00eda antes de conocerme<\/strong>. Sin embargo, le mando invitaciones de juegos como \u201c<a href=\"http:\/\/universojuego.com\/juego-facebook-en-espanol-island-paradise\/\" target=\"_blank\">Island Paradise\u201d<\/a>, \u201c<a href=\"https:\/\/www.facebook.com\/TheSimsSocial\" target=\"_blank\">The Sims Socia<\/a>l\u201d\u2026 y no se atreve. Con <a href=\"https:\/\/twitter.com\/\" target=\"_blank\">Twitte<\/a>r en cambio, <strong>empez\u00f3 lanzado<\/strong>: el primer d\u00eda que lo registr\u00e9 ya sent\u00eda que ten\u00eda una importante labor social. A m\u00ed me hac\u00eda mucha gracia, porque est\u00e1bamos tomando unas tapas en un bar y de repente, <strong>se puso a hacer fotos a la comida para twittearla<\/strong>.<\/p>\n<p>Mientras com\u00edamos antes de hacer una entrevista, esa misma semana que lo inici\u00e9 en Twitter, <strong>m\u00e1s que hablar en la mesa nos comunic\u00e1bamos mediante tweets<\/strong>. Alonso le hac\u00eda fotos a su arroz de matanza y yo a mi ensalada. \u00c9l pinchaba en mi plato y dejaba restos del suyo, y yo me quejaba, pero <strong><\/strong><strong>siempre en Twitter<\/strong>.<\/p>\n<p style=\"text-align: center;\"><a href=\"\/solitaencaceres\/wp-content\/uploads\/sites\/41\/2012\/05\/13378049255101.jpg\"><img loading=\"lazy\" class=\"aligncenter size-full wp-image-54\" title=\"Arroz de matanza\" src=\"\/solitaencaceres\/wp-content\/uploads\/sites\/41\/2012\/05\/13378049255101.jpg\" alt=\"\" width=\"420\" height=\"558\" srcset=\"https:\/\/static-blogs.hoy.es\/wp-content\/uploads\/sites\/41\/2012\/05\/13378049255101.jpg 600w, https:\/\/static-blogs.hoy.es\/wp-content\/uploads\/sites\/41\/2012\/05\/13378049255101-226x300.jpg 226w\" sizes=\"(max-width: 420px) 100vw, 420px\" \/><\/a><\/p>\n<p>Con las redes sociales <strong>ya est\u00e1 m\u00e1s calmado<\/strong>. Al menos, ahora, mientras comemos, hablamos. <strong>Su indumentari<\/strong>a tambi\u00e9n era otro tema que me preocupaba. Me indignaba cada vez que me dec\u00eda que se hab\u00eda comprado una camisa, nada especial para mi gusto, que le hab\u00eda <strong>valido 5 veces m\u00e1s por la marca<\/strong> que otras m\u00e1s bonitas.<\/p>\n<p style=\"text-align: center;\"><a href=\"\/solitaencaceres\/wp-content\/uploads\/sites\/41\/2012\/05\/Captura16.png\"><img loading=\"lazy\" class=\"aligncenter size-full wp-image-56\" title=\"Alonso de la Torre\" src=\"\/solitaencaceres\/wp-content\/uploads\/sites\/41\/2012\/05\/Captura16.png\" alt=\"\" width=\"589\" height=\"454\" srcset=\"https:\/\/static-blogs.hoy.es\/wp-content\/uploads\/sites\/41\/2012\/05\/Captura16.png 736w, https:\/\/static-blogs.hoy.es\/wp-content\/uploads\/sites\/41\/2012\/05\/Captura16-300x231.png 300w\" sizes=\"(max-width: 589px) 100vw, 589px\" \/><\/a><\/p>\n<p>Harta de tanto cocodrilo y tanta pijada cara, <strong>decid\u00ed llev\u00e1rmelo a <a href=\"http:\/\/www.menacho.org\/\" target=\"_blank\">Menacho<\/a><\/strong> y darle una buena raci\u00f3n de ropa buena, bonita y barata. <a href=\"http:\/\/spf.com\/es\/registro\/sem?gclid=CPzLzJPJmLACFY5pfAodJ2fl1Q\" target=\"_blank\">Springfield<\/a>, <a href=\"http:\/\/www.zara.com\/\" target=\"_blank\">Zara<\/a> y <a href=\"http:\/\/www.pullandbear.com\/\" target=\"_blank\">Pull and Bear<\/a> se han convertido en su nuevo fondo de armario. Despu\u00e9s de haber conseguido esto, ya me veo hasta con fuerzas para que <strong>deje de ser protocolario y vaya con la camisa por fuera<\/strong>, o incluso, con calzonas. Aunque eso ya ser\u00eda demasiado pedir.<\/p>\n<p style=\"text-align: center;\"><a href=\"\/solitaencaceres\/wp-content\/uploads\/sites\/41\/2012\/05\/Captura32.png\"><img loading=\"lazy\" class=\"aligncenter size-full wp-image-58\" title=\"Alonso de la Torre\" src=\"\/solitaencaceres\/wp-content\/uploads\/sites\/41\/2012\/05\/Captura32.png\" alt=\"\" width=\"634\" height=\"471\" srcset=\"https:\/\/static-blogs.hoy.es\/wp-content\/uploads\/sites\/41\/2012\/05\/Captura32.png 792w, https:\/\/static-blogs.hoy.es\/wp-content\/uploads\/sites\/41\/2012\/05\/Captura32-300x223.png 300w, https:\/\/static-blogs.hoy.es\/wp-content\/uploads\/sites\/41\/2012\/05\/Captura32-768x571.png 768w\" sizes=\"(max-width: 634px) 100vw, 634px\" \/><\/a><\/p>\n<p>Solo me falta un <strong>\u00faltimo objetivo por conseguir para quitarle la etiqueta de \u201cabuelo\u201d<\/strong>. Tengo que terminar con ese <strong>Alonso hipocondr\u00edaco que chochea<\/strong>. Es el \u00faltimo paso para rejuvenecerlo. A m\u00ed me pone de los nervios cuando refunfu\u00f1a, como un abuelo,\u00a0 porque no me abrigo, porque voy en mangas cortas cuando est\u00e1 lloviendo o con falda en invierno. Me hace gracia cuando <strong>me manda mensajes antes de salir de casa, pronostic\u00e1ndome la temperatura<\/strong>. Yo comprendo que le d\u00e9 miedo constiparse. Alonso en el instituto era de los que hac\u00eda los ex\u00e1menes orales a mucha distancia para no contagiarse de los alumnos. Digo que lo comprendo porque yo soy de las que se constipan unas 6 veces al a\u00f1o, pero no soy capaz de contagiarle mis virus.<\/p>\n<p style=\"text-align: center;\"><a href=\"\/solitaencaceres\/wp-content\/uploads\/sites\/41\/2012\/05\/Captura22.png\"><img loading=\"lazy\" class=\"aligncenter size-full wp-image-59\" title=\"Alonso de la torre\" src=\"\/solitaencaceres\/wp-content\/uploads\/sites\/41\/2012\/05\/Captura22.png\" alt=\"\" width=\"580\" height=\"458\" srcset=\"https:\/\/static-blogs.hoy.es\/wp-content\/uploads\/sites\/41\/2012\/05\/Captura22.png 725w, https:\/\/static-blogs.hoy.es\/wp-content\/uploads\/sites\/41\/2012\/05\/Captura22-300x237.png 300w\" sizes=\"(max-width: 580px) 100vw, 580px\" \/><\/a><\/p>\n<p>Aunque si he conseguido meterlo en Twitter y en Springfield, <strong>seguro que lo meto en la cama con fiebre como me llamo Carolina<\/strong>.<\/p>\n<p>&nbsp;<\/p>\n<!-- AddThis Advanced Settings generic via filter on the_content --><!-- AddThis Share Buttons generic via filter on the_content -->","protected":false},"excerpt":{"rendered":"<p>Desde que conozco a Alonso de la Torre, mi primer prop\u00f3sito ha sido rejuvenecerlo. Adem\u00e1s de ense\u00f1arle los trucos y secretos de las redes sociales entre los j\u00f3venes, he hecho todo lo posible por introducirlo en ese mundo. La primera vez que vio Tuenti, se sorprendi\u00f3 de lo f\u00e1cil que es mentir: los j\u00f3venes ponemos [&hellip;]<!-- AddThis Advanced Settings generic via filter on get_the_excerpt --><!-- AddThis Share Buttons generic via filter on get_the_excerpt --><\/p>\n","protected":false},"author":45,"featured_media":0,"comment_status":"open","ping_status":"closed","sticky":false,"template":"","format":"standard","meta":[],"categories":[3],"tags":[174,1630,2157,2615,2734,3459,3859,3990,4116,4131,4357],"_links":{"self":[{"href":"https:\/\/blogs.hoy.es\/solitaencaceres\/wp-json\/wp\/v2\/posts\/52"}],"collection":[{"href":"https:\/\/blogs.hoy.es\/solitaencaceres\/wp-json\/wp\/v2\/posts"}],"about":[{"href":"https:\/\/blogs.hoy.es\/solitaencaceres\/wp-json\/wp\/v2\/types\/post"}],"author":[{"embeddable":true,"href":"https:\/\/blogs.hoy.es\/solitaencaceres\/wp-json\/wp\/v2\/users\/45"}],"replies":[{"embeddable":true,"href":"https:\/\/blogs.hoy.es\/solitaencaceres\/wp-json\/wp\/v2\/comments?post=52"}],"version-history":[{"count":0,"href":"https:\/\/blogs.hoy.es\/solitaencaceres\/wp-json\/wp\/v2\/posts\/52\/revisions"}],"wp:attachment":[{"href":"https:\/\/blogs.hoy.es\/solitaencaceres\/wp-json\/wp\/v2\/media?parent=52"}],"wp:term":[{"taxonomy":"category","embeddable":true,"href":"https:\/\/blogs.hoy.es\/solitaencaceres\/wp-json\/wp\/v2\/categories?post=52"},{"taxonomy":"post_tag","embeddable":true,"href":"https:\/\/blogs.hoy.es\/solitaencaceres\/wp-json\/wp\/v2\/tags?post=52"}],"curies":[{"name":"wp","href":"https:\/\/api.w.org\/{rel}","templated":true}]}}