{"id":527,"date":"2013-03-31T10:50:54","date_gmt":"2013-03-31T10:50:54","guid":{"rendered":"http:\/\/blogs.hoy.es\/solitaencaceres\/?p=527"},"modified":"2013-03-31T10:50:54","modified_gmt":"2013-03-31T10:50:54","slug":"monago-cuando-terminas-esta-carretera","status":"publish","type":"post","link":"https:\/\/blogs.hoy.es\/solitaencaceres\/2013\/03\/31\/monago-cuando-terminas-esta-carretera\/","title":{"rendered":"Monago, \u00bfcu\u00e1ndo terminas esta carretera?"},"content":{"rendered":"<p style=\"text-align: center;\"><a href=\"\/solitaencaceres\/wp-content\/uploads\/sites\/41\/2013\/03\/111.jpg\"><img loading=\"lazy\" class=\"aligncenter  wp-image-528\" title=\"Arena suelta\" src=\"\/solitaencaceres\/wp-content\/uploads\/sites\/41\/2013\/03\/111.jpg\" alt=\"\" width=\"558\" height=\"372\" srcset=\"https:\/\/static-blogs.hoy.es\/wp-content\/uploads\/sites\/41\/2013\/03\/111.jpg 930w, https:\/\/static-blogs.hoy.es\/wp-content\/uploads\/sites\/41\/2013\/03\/111-300x200.jpg 300w, https:\/\/static-blogs.hoy.es\/wp-content\/uploads\/sites\/41\/2013\/03\/111-768x512.jpg 768w\" sizes=\"(max-width: 558px) 100vw, 558px\" \/><\/a><\/p>\n<p>El mi\u00e9rcoles fueron mis padres a buscarme a <strong>C\u00e1ceres<\/strong> en coche. Su misi\u00f3n: conseguir que me viniese unos d\u00edas al pueblo a ver al resto de la familia en<strong> Semana Santa<\/strong>. Me convencieron. Hice la maleta, paramos en el<strong> Mercadona de Malpartida<\/strong> a hacer la compra y cogimos la<strong> Ex-207 rumbo a Arroyo.<\/strong><\/p>\n<p><a href=\"\/solitaencaceres\/wp-content\/uploads\/sites\/41\/2013\/03\/33.jpg\"><img loading=\"lazy\" class=\"alignright size-medium wp-image-531\" title=\"baches\" src=\"\/solitaencaceres\/wp-content\/uploads\/sites\/41\/2013\/03\/33.jpg\" alt=\"\" width=\"300\" height=\"199\" srcset=\"https:\/\/static-blogs.hoy.es\/wp-content\/uploads\/sites\/41\/2013\/03\/33.jpg 925w, https:\/\/static-blogs.hoy.es\/wp-content\/uploads\/sites\/41\/2013\/03\/33-300x199.jpg 300w, https:\/\/static-blogs.hoy.es\/wp-content\/uploads\/sites\/41\/2013\/03\/33-768x511.jpg 768w\" sizes=\"(max-width: 300px) 100vw, 300px\" \/><\/a>Hac\u00eda ya tiempo que no ven\u00eda por el pueblo. Antes, cuando iba y volv\u00eda todos los d\u00edas de la<strong> universidad en autob\u00fas,<\/strong> me pasaba el d\u00eda en la carretera y por eso decid\u00ed quedarme este a\u00f1o a vivir en <strong>C\u00e1ceres<\/strong>. Viajar en bus siempre me ha gustado mucho, me sentaba a menudo en el mismo sitio, que pocas veces estaba ocupado, me pon\u00eda mis cascos rosa de m\u00fasica cada ma\u00f1ana y escuchaba\u00a0&#8220;Hoy por hoy&#8221;\u00a0hasta que el sue\u00f1o me invad\u00eda y me <strong>quedaba frita con la cabeza apoyada en el cristal.<\/strong><\/p>\n<p><a href=\"\/solitaencaceres\/wp-content\/uploads\/sites\/41\/2013\/03\/62.jpg\"><img loading=\"lazy\" class=\"alignleft  wp-image-532\" title=\"Puente en construcci\u00f3n\" src=\"\/solitaencaceres\/wp-content\/uploads\/sites\/41\/2013\/03\/62.jpg\" alt=\"\" width=\"270\" height=\"181\" srcset=\"https:\/\/static-blogs.hoy.es\/wp-content\/uploads\/sites\/41\/2013\/03\/62.jpg 921w, https:\/\/static-blogs.hoy.es\/wp-content\/uploads\/sites\/41\/2013\/03\/62-300x202.jpg 300w, https:\/\/static-blogs.hoy.es\/wp-content\/uploads\/sites\/41\/2013\/03\/62-768x516.jpg 768w\" sizes=\"(max-width: 270px) 100vw, 270px\" \/><\/a><\/p>\n<p>&nbsp;<\/p>\n<p>&nbsp;<\/p>\n<p>Bueno, en realidad, lo de quedarme dormida y tener esos pl\u00e1cidos viajes, solo sucedi\u00f3 el primer a\u00f1o de carrera. <strong>Desde que comenzaron las obras, que ten\u00edan que haber terminado ahora en marzo, el trayecto de Arroyo a C\u00e1ceres y viceversa es de lo m\u00e1s inc\u00f3modo y peligroso<\/strong>. Siendo una carretera con bastante tr\u00e1fico, con abundante circulaci\u00f3n de camiones, autobuses y coches, <strong>seguir teniendo las obras paralizadas dos a\u00f1os despu\u00e9s con esos terribles baches y chinotes que pueden saltar a los cristales, aumentando a\u00fan m\u00e1s el peligro las fuertes lluvias de este invierno, es un esc\u00e1ndalo.<\/strong><\/p>\n<p><a href=\"\/solitaencaceres\/wp-content\/uploads\/sites\/41\/2013\/03\/41.jpg\"><img loading=\"lazy\" class=\"alignright size-medium wp-image-533\" title=\"Pancarta a la entrada de Arroyo\" src=\"\/solitaencaceres\/wp-content\/uploads\/sites\/41\/2013\/03\/41.jpg\" alt=\"\" width=\"300\" height=\"203\" srcset=\"https:\/\/static-blogs.hoy.es\/wp-content\/uploads\/sites\/41\/2013\/03\/41.jpg 910w, https:\/\/static-blogs.hoy.es\/wp-content\/uploads\/sites\/41\/2013\/03\/41-300x203.jpg 300w, https:\/\/static-blogs.hoy.es\/wp-content\/uploads\/sites\/41\/2013\/03\/41-768x520.jpg 768w\" sizes=\"(max-width: 300px) 100vw, 300px\" \/><\/a>El mi\u00e9rcoles, cuando ven\u00eda camino de Arroyo con mis padres, mientras coment\u00e1bamos el mal estado vial de nuestra carretera, al llegar a la rotonda de entrada al pueblo, no pude evitar sonre\u00edr al ver la siguiente pancarta: <strong>&#8220;Monago: \u00bfCu\u00e1ndo terminas esta carretera?&#8221;<\/strong>. Autom\u00e1ticamente, un segundo despu\u00e9s, pens\u00e9: <strong>\u00bfSonreir\u00e1 tambi\u00e9n Monago si viene el D\u00eda de la Luz, el 1 de abril, y ve este mensaje tan directo?<\/strong> Ojal\u00e1 que, despu\u00e9s de haber probado <strong>lo peligrosa que es la carretera, se tome el mensaje y las firmas que est\u00e1 recogiendo la plataforma ciudadana m\u00e1s en serio.<\/strong><\/p>\n<p><a href=\"\/solitaencaceres\/wp-content\/uploads\/sites\/41\"><img loading=\"lazy\" class=\"alignleft  wp-image-534\" title=\"Puente antiguo y nuevo\" src=\"\/solitaencaceres\/wp-content\/uploads\/sites\/41\/2013\/03\/7.jpg\" alt=\"\" width=\"240\" height=\"157\" srcset=\"https:\/\/static-blogs.hoy.es\/wp-content\/uploads\/sites\/41\/2013\/03\/7.jpg 909w, https:\/\/static-blogs.hoy.es\/wp-content\/uploads\/sites\/41\/2013\/03\/7-300x196.jpg 300w, https:\/\/static-blogs.hoy.es\/wp-content\/uploads\/sites\/41\/2013\/03\/7-768x502.jpg 768w\" sizes=\"(max-width: 240px) 100vw, 240px\" \/><\/a><\/p>\n<p>&nbsp;<\/p>\n<p>Antes, para los arroyanos era un sue\u00f1o tener <strong>una carretera nueva, m\u00e1s grande, amplia y segura.<\/strong> Ahora, con que nos la terminen pronto y quede en condiciones, nos conformamos.<strong> Solo pedimos seguridad vial.<\/strong><\/p>\n<p style=\"text-align: center;\"><a href=\"\/solitaencaceres\/wp-content\/uploads\/sites\/41\/2013\/03\/52.jpg\"><img loading=\"lazy\" class=\"aligncenter  wp-image-536\" title=\"Carretera Ex-207\" src=\"\/solitaencaceres\/wp-content\/uploads\/sites\/41\/2013\/03\/52.jpg\" alt=\"\" width=\"554\" height=\"370\" srcset=\"https:\/\/static-blogs.hoy.es\/wp-content\/uploads\/sites\/41\/2013\/03\/52.jpg 923w, https:\/\/static-blogs.hoy.es\/wp-content\/uploads\/sites\/41\/2013\/03\/52-300x201.jpg 300w, https:\/\/static-blogs.hoy.es\/wp-content\/uploads\/sites\/41\/2013\/03\/52-768x513.jpg 768w\" sizes=\"(max-width: 554px) 100vw, 554px\" \/><\/a><\/p>\n<p style=\"text-align: center;\">\n<!-- AddThis Advanced Settings generic via filter on the_content --><!-- AddThis Share Buttons generic via filter on the_content -->","protected":false},"excerpt":{"rendered":"<p>El mi\u00e9rcoles fueron mis padres a buscarme a C\u00e1ceres en coche. Su misi\u00f3n: conseguir que me viniese unos d\u00edas al pueblo a ver al resto de la familia en Semana Santa. Me convencieron. Hice la maleta, paramos en el Mercadona de Malpartida a hacer la compra y cogimos la Ex-207 rumbo a Arroyo. Hac\u00eda ya [&hellip;]<!-- AddThis Advanced Settings generic via filter on get_the_excerpt --><!-- AddThis Share Buttons generic via filter on get_the_excerpt --><\/p>\n","protected":false},"author":45,"featured_media":0,"comment_status":"open","ping_status":"closed","sticky":false,"template":"","format":"standard","meta":[],"categories":[3],"tags":[5,9,293,294,335,364,577,655,741,742,762,849,925,1087,1235,1483,1592,1643,1700,1791,2038,2094,2508,2567,2632,2716,2740,2826,2943,2945,3033,3148,3257,3269,3447,3736,3743,4081,4096,4191],"_links":{"self":[{"href":"https:\/\/blogs.hoy.es\/solitaencaceres\/wp-json\/wp\/v2\/posts\/527"}],"collection":[{"href":"https:\/\/blogs.hoy.es\/solitaencaceres\/wp-json\/wp\/v2\/posts"}],"about":[{"href":"https:\/\/blogs.hoy.es\/solitaencaceres\/wp-json\/wp\/v2\/types\/post"}],"author":[{"embeddable":true,"href":"https:\/\/blogs.hoy.es\/solitaencaceres\/wp-json\/wp\/v2\/users\/45"}],"replies":[{"embeddable":true,"href":"https:\/\/blogs.hoy.es\/solitaencaceres\/wp-json\/wp\/v2\/comments?post=527"}],"version-history":[{"count":0,"href":"https:\/\/blogs.hoy.es\/solitaencaceres\/wp-json\/wp\/v2\/posts\/527\/revisions"}],"wp:attachment":[{"href":"https:\/\/blogs.hoy.es\/solitaencaceres\/wp-json\/wp\/v2\/media?parent=527"}],"wp:term":[{"taxonomy":"category","embeddable":true,"href":"https:\/\/blogs.hoy.es\/solitaencaceres\/wp-json\/wp\/v2\/categories?post=527"},{"taxonomy":"post_tag","embeddable":true,"href":"https:\/\/blogs.hoy.es\/solitaencaceres\/wp-json\/wp\/v2\/tags?post=527"}],"curies":[{"name":"wp","href":"https:\/\/api.w.org\/{rel}","templated":true}]}}