{"id":546,"date":"2013-04-06T10:19:38","date_gmt":"2013-04-06T10:19:38","guid":{"rendered":"http:\/\/blogs.hoy.es\/solitaencaceres\/?p=546"},"modified":"2013-04-06T10:19:38","modified_gmt":"2013-04-06T10:19:38","slug":"vasos-de-cristal-en-las-escaleras-de-la-madrila","status":"publish","type":"post","link":"https:\/\/blogs.hoy.es\/solitaencaceres\/2013\/04\/06\/vasos-de-cristal-en-las-escaleras-de-la-madrila\/","title":{"rendered":"Vasos de cristal en las escaleras de la Madrila"},"content":{"rendered":"<p style=\"text-align: center;\"><a href=\"\/solitaencaceres\/wp-content\/uploads\/sites\/41\/2013\/04\/Vaso-de-cristal-roto.jpg\"><img loading=\"lazy\" class=\"aligncenter  wp-image-547\" title=\"Vaso de cristal roto\" src=\"\/solitaencaceres\/wp-content\/uploads\/sites\/41\/2013\/04\/Vaso-de-cristal-roto.jpg\" alt=\"\" width=\"142\" height=\"294\" srcset=\"https:\/\/static-blogs.hoy.es\/wp-content\/uploads\/sites\/41\/2013\/04\/Vaso-de-cristal-roto.jpg 158w, https:\/\/static-blogs.hoy.es\/wp-content\/uploads\/sites\/41\/2013\/04\/Vaso-de-cristal-roto-145x300.jpg 145w\" sizes=\"(max-width: 142px) 100vw, 142px\" \/><\/a><\/p>\n<p>Llevo todo el d\u00eda sin ser <strong>capaz de sentarme.<\/strong> La raz\u00f3n: el jueves por la noche sal\u00ed de fiesta y <strong>cuando iba a bajar por las escaleras de la Madrila<\/strong>,<strong> hab\u00eda un vaso de cristal en uno de los escalones, tropec\u00e9 con \u00e9l, se rompi\u00f3 y me lo clav\u00e9 en el trasero.<\/strong> Bueno, al principio no me di cuenta de que me lo hab\u00eda clavado, estaba pendiente de lo <strong>magullado que ten\u00eda el codo,<\/strong> que me escoc\u00eda m\u00e1s. Sin embargo, despu\u00e9s me percat\u00e9 de que ten\u00eda<strong> un agujero en el pantal\u00f3n<\/strong> y al echarme la mano a \u00e9l, not\u00e9 que estaba demasiado mojado. Pens\u00e9 que pod\u00eda ser agua, hab\u00eda estado lloviendo y estaba el suelo mojado, <strong>pero al mirarme la palma, estaba llena de sangre.<\/strong><\/p>\n<p>Por suerte, fue peque\u00f1a la herida, aunque profunda. Al llegar a casa<strong> me desinfect\u00e9 con agua oxigenada<\/strong> y se ha quedado la cosa simplemente en el dolor del impacto. No es la primera vez que me sucede un peque\u00f1o accidente con un vaso de cristal. En las <strong>fiestas de septiembre de Arroyo<\/strong>, hace unos a\u00f1os, cuando iba camino de la<strong> plaza de toros<\/strong> para tomarme el <strong>chocolate con churros<\/strong> que daban antes para desayunar despu\u00e9s de<strong> toda la noche de fiesta<\/strong>, mi pie tropez\u00f3 con un vaso de cristal, que estaba en medio de la calle, y <strong>mi dedo gordo no paraba de sangrar.<\/strong><\/p>\n<p>Yo supongo que <strong>no cuesta tanto dejar los vasos de cristal en la barra de un bar,<\/strong> o al menos, si hay que dejarlos en la calle, ponerlos en <strong>algo alto,<\/strong> ya sea en una ventana o en una papelera, esto \u00faltimo ser\u00eda lo m\u00e1s recomendable, para que no tropez\u00e1ramos sin darnos cuenta. <strong>No es agradable tenerse que acordar de la madre de la persona que deja un vaso en la calle, que te ha herido y que te tiene con un dolor terrible que podr\u00eda haber prevenido.<\/strong><\/p>\n<!-- AddThis Advanced Settings generic via filter on the_content --><!-- AddThis Share Buttons generic via filter on the_content -->","protected":false},"excerpt":{"rendered":"<p>Llevo todo el d\u00eda sin ser capaz de sentarme. La raz\u00f3n: el jueves por la noche sal\u00ed de fiesta y cuando iba a bajar por las escaleras de la Madrila, hab\u00eda un vaso de cristal en uno de los escalones, tropec\u00e9 con \u00e9l, se rompi\u00f3 y me lo clav\u00e9 en el trasero. Bueno, al principio [&hellip;]<!-- AddThis Advanced Settings generic via filter on get_the_excerpt --><!-- AddThis Share Buttons generic via filter on get_the_excerpt --><\/p>\n","protected":false},"author":45,"featured_media":0,"comment_status":"open","ping_status":"closed","sticky":false,"template":"","format":"standard","meta":[],"categories":[3],"tags":[73,124,130,294,405,619,856,1163,1203,1287,1478,1481,1677,1681,1984,2084,2221,2488,2885,2887,3050,3287,3702,3834,4224,4225,4244],"_links":{"self":[{"href":"https:\/\/blogs.hoy.es\/solitaencaceres\/wp-json\/wp\/v2\/posts\/546"}],"collection":[{"href":"https:\/\/blogs.hoy.es\/solitaencaceres\/wp-json\/wp\/v2\/posts"}],"about":[{"href":"https:\/\/blogs.hoy.es\/solitaencaceres\/wp-json\/wp\/v2\/types\/post"}],"author":[{"embeddable":true,"href":"https:\/\/blogs.hoy.es\/solitaencaceres\/wp-json\/wp\/v2\/users\/45"}],"replies":[{"embeddable":true,"href":"https:\/\/blogs.hoy.es\/solitaencaceres\/wp-json\/wp\/v2\/comments?post=546"}],"version-history":[{"count":0,"href":"https:\/\/blogs.hoy.es\/solitaencaceres\/wp-json\/wp\/v2\/posts\/546\/revisions"}],"wp:attachment":[{"href":"https:\/\/blogs.hoy.es\/solitaencaceres\/wp-json\/wp\/v2\/media?parent=546"}],"wp:term":[{"taxonomy":"category","embeddable":true,"href":"https:\/\/blogs.hoy.es\/solitaencaceres\/wp-json\/wp\/v2\/categories?post=546"},{"taxonomy":"post_tag","embeddable":true,"href":"https:\/\/blogs.hoy.es\/solitaencaceres\/wp-json\/wp\/v2\/tags?post=546"}],"curies":[{"name":"wp","href":"https:\/\/api.w.org\/{rel}","templated":true}]}}