{"id":549,"date":"2013-04-09T10:56:56","date_gmt":"2013-04-09T10:56:56","guid":{"rendered":"http:\/\/blogs.hoy.es\/solitaencaceres\/?p=549"},"modified":"2013-04-09T10:56:56","modified_gmt":"2013-04-09T10:56:56","slug":"mi-piso-vintage","status":"publish","type":"post","link":"https:\/\/blogs.hoy.es\/solitaencaceres\/2013\/04\/09\/mi-piso-vintage\/","title":{"rendered":"Mi piso vintage"},"content":{"rendered":"<p style=\"text-align: center;\"><a href=\"\/solitaencaceres\/wp-content\/uploads\/sites\/41\/2013\/04\/DSC_2529.jpg\"><img loading=\"lazy\" class=\"aligncenter  wp-image-550\" title=\"Carolina comprando\" src=\"\/solitaencaceres\/wp-content\/uploads\/sites\/41\/2013\/04\/DSC_2529.jpg\" alt=\"\" width=\"564\" height=\"318\" srcset=\"https:\/\/static-blogs.hoy.es\/wp-content\/uploads\/sites\/41\/2013\/04\/DSC_2529.jpg 3264w, https:\/\/static-blogs.hoy.es\/wp-content\/uploads\/sites\/41\/2013\/04\/DSC_2529-300x169.jpg 300w, https:\/\/static-blogs.hoy.es\/wp-content\/uploads\/sites\/41\/2013\/04\/DSC_2529-768x432.jpg 768w, https:\/\/static-blogs.hoy.es\/wp-content\/uploads\/sites\/41\/2013\/04\/DSC_2529-1024x576.jpg 1024w\" sizes=\"(max-width: 564px) 100vw, 564px\" \/><\/a><\/p>\n<p>Hace unos d\u00edas vinieron unos amigos a conocer mi piso. Tras sentarse en los sillones de piel del sal\u00f3n, al calor de la mesa camilla, me dijeron que se sent\u00edan como<strong> si estuviesen en la casa de sus abuelas, por ese aire tan cl\u00e1sico, acogedor, familiar, con todas las paredes llenas de cuadros, platos, relojes de cuerda, fotos de comuniones y bodas de toda la familia, v\u00edrgenes y santos.<\/strong><\/p>\n<p>Al d\u00eda siguiente, decid\u00ed que ya iba siendo hora de<strong> irme de compras y cambiar ese toque tan antiguo,<\/strong> que s\u00ed, que acoger\u00e1 mucho para estar un rato, porque es el tiempo que se est\u00e1 en casa de las abuelas, pero para estar viviendo, <strong>es un poco deprimente.<\/strong> Lo primero que compr\u00e9 fue un<strong> mantel para la mesa camilla<\/strong>, porque el que ten\u00eda estaba roto y ten\u00eda un <strong>color amarillo desgastado y feo.<\/strong> As\u00ed tambi\u00e9n aprovech\u00e9 para quitar <strong>todos los papeles que hab\u00eda debajo de la mesa<\/strong>, porque alguna que otra vez se me ha estado a punto <strong>de caer alg\u00fan vaso al apoyarlo por el bulto que hac\u00edan.<\/strong> Con ese peque\u00f1o cambio, unos posavasos y una moderna mantita de cuadros azules en el sof\u00e1 doblada, mi sal\u00f3n tiene un toque m\u00e1s personal. Y ahora puedo decidir <strong>si me tomo un caf\u00e9 encima de la Torre Eiffel, del Big Ben o de la Estatua de la Libertad.<\/strong> <strong>Mi mantel es un sue\u00f1o constante de viaje para cualquier interrailero.<\/strong><\/p>\n<p>Los otros cambios que he hecho son<strong> m\u00e1s que nada por higiene, por prevenir coger alg\u00fan tipo de infecci\u00f3n.<\/strong> Me he comprado cubiertos nuevos, los que hab\u00eda me daban un poco de grima: <strong>los tenedores estaban despuntados, las cucharas dobladas, los cuchillos no cortaban, algunos estaban oxidados, al igual que el secador de cubiertos, que adem\u00e1s, chorreaba el agua justo encima del microondas.<\/strong><\/p>\n<p>Tambi\u00e9n compr\u00e9 <strong>un delantal muy mono, de frutitas de colores<\/strong>, muy alegre y vivo para esta primavera; un azucarero y un salero que necesitaba urgentemente, porque al tener estos productos en sus respectivos paquetes, cada vez que los abr\u00eda, se me ca\u00eda un poco al suelo; y un mont\u00f3n de cosas m\u00e1s que necesitaba, que<strong> hacen que vivir en el piso sea m\u00e1s c\u00f3modo y agradable.<\/strong><\/p>\n<p>Lo malo de haber hecho <strong>estos cambios &#8216;sin consentimiento&#8217;, es que cada vez que vengan mi madre y mi abuela, voy a tener que esconder todas las cosas nuevas.<\/strong> M\u00e1s que nada por esa teor\u00eda suya de utilizar todo lo que hay en el piso. No saben lo feliz que me har\u00edan si me quitasen de la cocina <strong>esos cuarenta platos con bordes rotos, oxidados, pegajosos&#8230;<\/strong> y que me dejen organizar las cosas a mi manera, <strong>con el rollo cl\u00e1sico del piso, pero introduciendo poco a poco cosas modernas, y m\u00e1s que nada, higi\u00e9nicas.\u00a0<\/strong><\/p>\n<!-- AddThis Advanced Settings generic via filter on the_content --><!-- AddThis Share Buttons generic via filter on the_content -->","protected":false},"excerpt":{"rendered":"<p>Hace unos d\u00edas vinieron unos amigos a conocer mi piso. Tras sentarse en los sillones de piel del sal\u00f3n, al calor de la mesa camilla, me dijeron que se sent\u00edan como si estuviesen en la casa de sus abuelas, por ese aire tan cl\u00e1sico, acogedor, familiar, con todas las paredes llenas de cuadros, platos, relojes [&hellip;]<!-- AddThis Advanced Settings generic via filter on get_the_excerpt --><!-- AddThis Share Buttons generic via filter on get_the_excerpt --><\/p>\n","protected":false},"author":45,"featured_media":0,"comment_status":"open","ping_status":"closed","sticky":false,"template":"","format":"standard","meta":[],"categories":[3],"tags":[66,81,118,196,229,358,463,504,549,590,753,907,952,978,996,1101,1112,1113,1114,1178,1226,1549,1643,1644,1747,1779,1913,1995,2108,2142,2531,2639,2649,2665,2671,2679,2733,2999,3051,3061,3138,3274,3340,3557,3669,3677,3805,3809,3830,3968,4057,4222,4295],"_links":{"self":[{"href":"https:\/\/blogs.hoy.es\/solitaencaceres\/wp-json\/wp\/v2\/posts\/549"}],"collection":[{"href":"https:\/\/blogs.hoy.es\/solitaencaceres\/wp-json\/wp\/v2\/posts"}],"about":[{"href":"https:\/\/blogs.hoy.es\/solitaencaceres\/wp-json\/wp\/v2\/types\/post"}],"author":[{"embeddable":true,"href":"https:\/\/blogs.hoy.es\/solitaencaceres\/wp-json\/wp\/v2\/users\/45"}],"replies":[{"embeddable":true,"href":"https:\/\/blogs.hoy.es\/solitaencaceres\/wp-json\/wp\/v2\/comments?post=549"}],"version-history":[{"count":0,"href":"https:\/\/blogs.hoy.es\/solitaencaceres\/wp-json\/wp\/v2\/posts\/549\/revisions"}],"wp:attachment":[{"href":"https:\/\/blogs.hoy.es\/solitaencaceres\/wp-json\/wp\/v2\/media?parent=549"}],"wp:term":[{"taxonomy":"category","embeddable":true,"href":"https:\/\/blogs.hoy.es\/solitaencaceres\/wp-json\/wp\/v2\/categories?post=549"},{"taxonomy":"post_tag","embeddable":true,"href":"https:\/\/blogs.hoy.es\/solitaencaceres\/wp-json\/wp\/v2\/tags?post=549"}],"curies":[{"name":"wp","href":"https:\/\/api.w.org\/{rel}","templated":true}]}}