{"id":552,"date":"2013-04-10T09:26:31","date_gmt":"2013-04-10T09:26:31","guid":{"rendered":"http:\/\/blogs.hoy.es\/solitaencaceres\/?p=552"},"modified":"2013-04-10T09:26:31","modified_gmt":"2013-04-10T09:26:31","slug":"tardes-de-brasero-y-television","status":"publish","type":"post","link":"https:\/\/blogs.hoy.es\/solitaencaceres\/2013\/04\/10\/tardes-de-brasero-y-television\/","title":{"rendered":"Tardes de brasero y televisi\u00f3n"},"content":{"rendered":"<p style=\"text-align: center;\"><a href=\"\/solitaencaceres\/wp-content\/uploads\/sites\/41\/2013\/04\/simpson-homer-comida-television-01.jpg\"><img loading=\"lazy\" class=\"aligncenter  wp-image-553\" title=\"Homer Simpsons viendo la televisi\u00f3n\" src=\"\/solitaencaceres\/wp-content\/uploads\/sites\/41\/2013\/04\/simpson-homer-comida-television-01.jpg\" alt=\"\" width=\"392\" height=\"291\" srcset=\"https:\/\/static-blogs.hoy.es\/wp-content\/uploads\/sites\/41\/2013\/04\/simpson-homer-comida-television-01.jpg 560w, https:\/\/static-blogs.hoy.es\/wp-content\/uploads\/sites\/41\/2013\/04\/simpson-homer-comida-television-01-300x223.jpg 300w\" sizes=\"(max-width: 392px) 100vw, 392px\" \/><\/a><\/p>\n<p>Vuelve la lluvia, el fr\u00edo nos apaga, nos obliga a <strong>encender en casa el brasero, las estufas\u2026 la televisi\u00f3n.<\/strong> Otra vez vuelta a tardes de pantalla y mando o rat\u00f3n, viendo, en mi caso, \u201c<strong>La que se avecina<\/strong>\u201d en <strong>Factor\u00eda de Ficci\u00f3n<\/strong>, o subiendo fotos al <strong>Facebook<\/strong>. Cuando parec\u00eda que la primavera por fin llegaba, cuando nos ilusion\u00e1bamos <strong>por poder festejarla en el ferial tras dos jueves aplazada,<\/strong> cuando los <strong>arroyanos<\/strong> cre\u00edamos que este finde \u00edbamos a tener <strong>un buen dia de campo para disfrutar de la romer\u00eda, para sacar las tiendas de campa\u00f1a, mesas, sillas y barbacoas a nuestra dehesa<\/strong>, vuelve otra vez la lluvia y nos llena de incertidumbre, de pocas ganas de salir a la calle, de <strong>meternos en casa con el brasero y la tele, con el calentito pijama de invierno y los calcetines de lana.<\/strong><\/p>\n<p>Hace unas semanas,<strong> fui con mi padre al campo a ver el ganado que tiene.<\/strong> El pobre estaba muy disgustado, con todo lo que ha llovido, se le han estropeado las <strong>patatas que hab\u00eda sembrado<\/strong>. Menos mal que solo sembr\u00f3 la mitad y a\u00fan tiene la otra mitad para cuando escampe. <strong>Este a\u00f1o, ni del campo se puede vivir<\/strong>. Est\u00e1 todo encharcado, con un barrizal tremendo y hay que <strong>tener cuidado para que el coche no se te quede atascado.<\/strong> Pero mi padre no puede quedarse en casa al calor del brasero viendo la tele, por mucho que le apetezca. <strong>Ya que no hay trabajo en la construcci\u00f3n, habr\u00e1 que vivir de los productos que este a\u00f1o le deje sacar la tierra.<\/strong><\/p>\n<!-- AddThis Advanced Settings generic via filter on the_content --><!-- AddThis Share Buttons generic via filter on the_content -->","protected":false},"excerpt":{"rendered":"<p>Vuelve la lluvia, el fr\u00edo nos apaga, nos obliga a encender en casa el brasero, las estufas\u2026 la televisi\u00f3n. Otra vez vuelta a tardes de pantalla y mando o rat\u00f3n, viendo, en mi caso, \u201cLa que se avecina\u201d en Factor\u00eda de Ficci\u00f3n, o subiendo fotos al Facebook. Cuando parec\u00eda que la primavera por fin llegaba, [&hellip;]<!-- AddThis Advanced Settings generic via filter on get_the_excerpt --><!-- AddThis Share Buttons generic via filter on get_the_excerpt --><\/p>\n","protected":false},"author":45,"featured_media":0,"comment_status":"open","ping_status":"closed","sticky":false,"template":"","format":"standard","meta":[],"categories":[3],"tags":[293,319,397,414,520,607,664,753,922,1032,1169,1422,1482,1562,1572,1630,1631,1665,1774,1821,2091,2221,2292,2422,2514,2640,2669,3037,3110,3219,3386,3407,3497,3628,3744,3801,3957,4003,4006],"_links":{"self":[{"href":"https:\/\/blogs.hoy.es\/solitaencaceres\/wp-json\/wp\/v2\/posts\/552"}],"collection":[{"href":"https:\/\/blogs.hoy.es\/solitaencaceres\/wp-json\/wp\/v2\/posts"}],"about":[{"href":"https:\/\/blogs.hoy.es\/solitaencaceres\/wp-json\/wp\/v2\/types\/post"}],"author":[{"embeddable":true,"href":"https:\/\/blogs.hoy.es\/solitaencaceres\/wp-json\/wp\/v2\/users\/45"}],"replies":[{"embeddable":true,"href":"https:\/\/blogs.hoy.es\/solitaencaceres\/wp-json\/wp\/v2\/comments?post=552"}],"version-history":[{"count":0,"href":"https:\/\/blogs.hoy.es\/solitaencaceres\/wp-json\/wp\/v2\/posts\/552\/revisions"}],"wp:attachment":[{"href":"https:\/\/blogs.hoy.es\/solitaencaceres\/wp-json\/wp\/v2\/media?parent=552"}],"wp:term":[{"taxonomy":"category","embeddable":true,"href":"https:\/\/blogs.hoy.es\/solitaencaceres\/wp-json\/wp\/v2\/categories?post=552"},{"taxonomy":"post_tag","embeddable":true,"href":"https:\/\/blogs.hoy.es\/solitaencaceres\/wp-json\/wp\/v2\/tags?post=552"}],"curies":[{"name":"wp","href":"https:\/\/api.w.org\/{rel}","templated":true}]}}