{"id":554,"date":"2013-04-13T08:35:36","date_gmt":"2013-04-13T08:35:36","guid":{"rendered":"http:\/\/blogs.hoy.es\/solitaencaceres\/?p=554"},"modified":"2013-04-13T08:35:36","modified_gmt":"2013-04-13T08:35:36","slug":"perdone-senor-millas","status":"publish","type":"post","link":"https:\/\/blogs.hoy.es\/solitaencaceres\/2013\/04\/13\/perdone-senor-millas\/","title":{"rendered":"Perdone, se\u00f1or Mill\u00e1s"},"content":{"rendered":"<p style=\"text-align: center;\"><a href=\"\/solitaencaceres\/wp-content\/uploads\/sites\/41\/2013\/04\/Mill\u00e1s.png\"><img loading=\"lazy\" class=\"aligncenter  wp-image-555\" title=\"Mill\u00e1s\" src=\"\/solitaencaceres\/wp-content\/uploads\/sites\/41\/2013\/04\/Mill\u00e1s.png\" alt=\"\" width=\"523\" height=\"185\" srcset=\"https:\/\/static-blogs.hoy.es\/wp-content\/uploads\/sites\/41\/2013\/04\/Mill\u00e1s.png 645w, https:\/\/static-blogs.hoy.es\/wp-content\/uploads\/sites\/41\/2013\/04\/Mill\u00e1s-300x106.png 300w\" sizes=\"(max-width: 523px) 100vw, 523px\" \/><\/a><\/p>\n<p><strong>Salir de una conferencia en la que est\u00e1s sentada en la cuarta fila<\/strong>, justo en los asientos del medio, con diez personas aproximadamente a cada lado y varias decenas detr\u00e1s, <strong>y pasar desapercibida, es pr\u00e1cticamente imposible.<\/strong><\/p>\n<p>El otro d\u00eda fui a ver <strong>la inauguraci\u00f3n que hizo Juan Jos\u00e9 Mill\u00e1s de la Escuela de Letras de Extremadura en el Ilustre Colegio Oficial de M\u00e9dicos de C\u00e1ceres<\/strong> y, a pesar de sus interesantes reflexiones\u00a0sobre literatura y periodismo y sus divertidas historias, no era capaz de atender a lo que el escritor dec\u00eda, <strong>ten\u00eda un debate interior que no me permit\u00eda concentrarme en asimilar sus palabras.<\/strong><\/p>\n<p>Ir a un acto que dura m\u00e1s de una hora en el que tienes que estar sentada, tras haber estado<strong> haciendo deporte y bebiendo abundante agua, y que no te entren ganas de orinar, o simplemente que puedas controlarlo, es tan dif\u00edcil como ver Los Simpsons y que no te sepas de memoria los cap\u00edtulos.<\/strong><\/p>\n<p>El jueves, <strong>mientras Mill\u00e1s hablaba a escasos metros de m\u00ed, en l\u00ednea recta,<\/strong> yo me debat\u00eda, desde el minuto cinco de su charla, entre <strong>saltar por encima de la fila de asientos que ten\u00eda delante<\/strong>, de los que colgaba el cartel de reservado y estaban vac\u00edos,<strong> o levantar a las diez personas que estaban a mi izquierda, a las que no me apetec\u00eda molestar.<\/strong><\/p>\n<p>Tras veinte minutos, con la vejiga a punto de reventarme,<strong> temiendo distraer a Mill\u00e1s si saltaba ante sus ojos para salir de la sala<\/strong>, o que pensase que no me estaba interesando lo que comentaba, opt\u00e9 por hacer<strong> el efecto domin\u00f3 y una decena de personas tuvieron que levantarse de sus asientos como si hiciesen una ola al escritor<\/strong> para que yo pudiese abandonar la sala.<\/p>\n<p><strong>\u00a0\u00a0 Me dio tanto corte, que no me atrev\u00ed a volver a entrar.<\/strong><\/p>\n<!-- AddThis Advanced Settings generic via filter on the_content --><!-- AddThis Share Buttons generic via filter on the_content -->","protected":false},"excerpt":{"rendered":"<p>Salir de una conferencia en la que est\u00e1s sentada en la cuarta fila, justo en los asientos del medio, con diez personas aproximadamente a cada lado y varias decenas detr\u00e1s, y pasar desapercibida, es pr\u00e1cticamente imposible. El otro d\u00eda fui a ver la inauguraci\u00f3n que hizo Juan Jos\u00e9 Mill\u00e1s de la Escuela de Letras de [&hellip;]<!-- AddThis Advanced Settings generic via filter on get_the_excerpt --><!-- AddThis Share Buttons generic via filter on get_the_excerpt --><\/p>\n","protected":false},"author":45,"featured_media":0,"comment_status":"open","ping_status":"closed","sticky":false,"template":"","format":"standard","meta":[],"categories":[3],"tags":[86,120,308,309,700,747,826,1018,1103,1160,1190,1324,1499,1503,2082,2090,2205,2221,2406,2457,2691,2738,2986,3020,3091,3174,3184,3534,3663,3684,3749,3834,4234],"_links":{"self":[{"href":"https:\/\/blogs.hoy.es\/solitaencaceres\/wp-json\/wp\/v2\/posts\/554"}],"collection":[{"href":"https:\/\/blogs.hoy.es\/solitaencaceres\/wp-json\/wp\/v2\/posts"}],"about":[{"href":"https:\/\/blogs.hoy.es\/solitaencaceres\/wp-json\/wp\/v2\/types\/post"}],"author":[{"embeddable":true,"href":"https:\/\/blogs.hoy.es\/solitaencaceres\/wp-json\/wp\/v2\/users\/45"}],"replies":[{"embeddable":true,"href":"https:\/\/blogs.hoy.es\/solitaencaceres\/wp-json\/wp\/v2\/comments?post=554"}],"version-history":[{"count":0,"href":"https:\/\/blogs.hoy.es\/solitaencaceres\/wp-json\/wp\/v2\/posts\/554\/revisions"}],"wp:attachment":[{"href":"https:\/\/blogs.hoy.es\/solitaencaceres\/wp-json\/wp\/v2\/media?parent=554"}],"wp:term":[{"taxonomy":"category","embeddable":true,"href":"https:\/\/blogs.hoy.es\/solitaencaceres\/wp-json\/wp\/v2\/categories?post=554"},{"taxonomy":"post_tag","embeddable":true,"href":"https:\/\/blogs.hoy.es\/solitaencaceres\/wp-json\/wp\/v2\/tags?post=554"}],"curies":[{"name":"wp","href":"https:\/\/api.w.org\/{rel}","templated":true}]}}