{"id":557,"date":"2013-04-14T09:30:02","date_gmt":"2013-04-14T09:30:02","guid":{"rendered":"http:\/\/blogs.hoy.es\/solitaencaceres\/?p=557"},"modified":"2013-04-14T09:30:02","modified_gmt":"2013-04-14T09:30:02","slug":"la-nina-y-el-viejo","status":"publish","type":"post","link":"https:\/\/blogs.hoy.es\/solitaencaceres\/2013\/04\/14\/la-nina-y-el-viejo\/","title":{"rendered":"La ni\u00f1a y el viejo"},"content":{"rendered":"<p style=\"text-align: center;\"><a href=\"\/solitaencaceres\/wp-content\/uploads\/sites\/41\/2013\/04\/El-viejo-y-la-ni\u00f1a1.jpg\"><img loading=\"lazy\" class=\"aligncenter  wp-image-560\" title=\"El viejo y la ni\u00f1a\" src=\"\/solitaencaceres\/wp-content\/uploads\/sites\/41\/2013\/04\/El-viejo-y-la-ni\u00f1a1.jpg\" alt=\"\" width=\"226\" height=\"294\" srcset=\"https:\/\/static-blogs.hoy.es\/wp-content\/uploads\/sites\/41\/2013\/04\/El-viejo-y-la-ni\u00f1a1.jpg 283w, https:\/\/static-blogs.hoy.es\/wp-content\/uploads\/sites\/41\/2013\/04\/El-viejo-y-la-ni\u00f1a1-231x300.jpg 231w\" sizes=\"(max-width: 226px) 100vw, 226px\" \/><\/a><\/p>\n<p>Esta semana he le\u00eddo dos libros de <strong>Leandro Fern\u00e1ndez de Morat\u00edn<\/strong>, el autor m\u00e1s destacado del<strong> teatro espa\u00f1ol del siglo XVIII<\/strong>, que me han dejado un sabor agridulce, a pesar de ser historias que parecen tener <strong>un final feliz<\/strong>. Me da miedo tener que leer un tercero, m\u00e1s que nada porque en los dos que he le\u00eddo, <span style=\"text-decoration: underline;\"><strong>El s\u00ed de las ni\u00f1as<\/strong><\/span>\u00a0y <strong><span style=\"text-decoration: underline;\">El viejo y la ni\u00f1a<\/span><\/strong>, parece estar en contra de<strong> todos los viejecitos<\/strong>, a los que unas veces pinta como <strong>pobres hombres ilusos y buenos<\/strong> y otras como a<strong> cascarrabias gru\u00f1ones<\/strong> que m\u00e1s que querer una esposa, quieren una <strong>sirvienta jovencita<\/strong> que los vista y los cuide cuando est\u00e9n enfermos.<\/p>\n<p>Lo cierto es que el <strong>siglo XXI<\/strong>, al igual que el <strong>XVIII<\/strong>, que conocemos de la pluma de <strong>Fern\u00e1ndez de Morat\u00edn<\/strong>, est\u00e1n llenos de prejuicios en ese sentido. \u00bfC\u00f3mo puede salir bien una historia con <strong>diferencias tan grandes de edad<\/strong>, con entornos de<strong> generaciones distintas<\/strong>, con falta de experiencia por un lado y excesiva por el otro, con uno mirando a su <strong>primer trabajo<\/strong> y el otro a <strong>la jubilaci\u00f3n<\/strong>? Y da igual que esto lo piensen los criados de<strong> Don Diego<\/strong> o de <strong>Don Roque<\/strong> que la <strong>Jessi<\/strong> y la <strong>Vane<\/strong>, que se sientan a fumarse un cigarro en las <strong>escaleras de la Plaza Mayor de C\u00e1ceres<\/strong>. Todos ellos, a pesar del paso de los siglos, siguen pensando lo mismo: <strong>el matrimonio de un viejo con una ni\u00f1a no puede salir bien<\/strong>, porque la &#8216;nieta&#8217;, al final, acabar\u00e1 fij\u00e1ndose en <strong>uno de su edad,<\/strong> como sucede con <strong>Do\u00f1a Paquita<\/strong> y <strong>Do\u00f1a Isabel<\/strong> en sus respectivos libros.<\/p>\n<p>Seguir\u00e9 buscando estos d\u00edas por si <strong>Fern\u00e1ndez de Morat\u00edn<\/strong> escribi\u00f3 alguna obra de teatro en la que fuese <strong>la ni\u00f1a la que estuviese enamorada del viejo.<\/strong> Creo que, al igual que en el<strong> siglo XVIII<\/strong>, en el <strong>siglo XXI<\/strong>, esta situaci\u00f3n es impensable. <strong>Siempre se pensar\u00e1 que busca dinero.<\/strong><\/p>\n<!-- AddThis Advanced Settings generic via filter on the_content --><!-- AddThis Share Buttons generic via filter on the_content -->","protected":false},"excerpt":{"rendered":"<p>Esta semana he le\u00eddo dos libros de Leandro Fern\u00e1ndez de Morat\u00edn, el autor m\u00e1s destacado del teatro espa\u00f1ol del siglo XVIII, que me han dejado un sabor agridulce, a pesar de ser historias que parecen tener un final feliz. Me da miedo tener que leer un tercero, m\u00e1s que nada porque en los dos que [&hellip;]<!-- AddThis Advanced Settings generic via filter on get_the_excerpt --><!-- AddThis Share Buttons generic via filter on get_the_excerpt --><\/p>\n","protected":false},"author":45,"featured_media":0,"comment_status":"open","ping_status":"closed","sticky":false,"template":"","format":"standard","meta":[],"categories":[3],"tags":[342,577,729,760,879,1083,1249,1254,1290,1293,1294,1295,1318,1392,1400,1419,1432,1444,1478,1531,1609,1667,1693,1797,1848,2008,2081,2175,2196,2209,2278,2346,2355,2383,2579,2857,2859,2941,3290,3295,3296,3365,3393,3658,3792,3794,3819,3834,3939,4215,4285,4286],"_links":{"self":[{"href":"https:\/\/blogs.hoy.es\/solitaencaceres\/wp-json\/wp\/v2\/posts\/557"}],"collection":[{"href":"https:\/\/blogs.hoy.es\/solitaencaceres\/wp-json\/wp\/v2\/posts"}],"about":[{"href":"https:\/\/blogs.hoy.es\/solitaencaceres\/wp-json\/wp\/v2\/types\/post"}],"author":[{"embeddable":true,"href":"https:\/\/blogs.hoy.es\/solitaencaceres\/wp-json\/wp\/v2\/users\/45"}],"replies":[{"embeddable":true,"href":"https:\/\/blogs.hoy.es\/solitaencaceres\/wp-json\/wp\/v2\/comments?post=557"}],"version-history":[{"count":0,"href":"https:\/\/blogs.hoy.es\/solitaencaceres\/wp-json\/wp\/v2\/posts\/557\/revisions"}],"wp:attachment":[{"href":"https:\/\/blogs.hoy.es\/solitaencaceres\/wp-json\/wp\/v2\/media?parent=557"}],"wp:term":[{"taxonomy":"category","embeddable":true,"href":"https:\/\/blogs.hoy.es\/solitaencaceres\/wp-json\/wp\/v2\/categories?post=557"},{"taxonomy":"post_tag","embeddable":true,"href":"https:\/\/blogs.hoy.es\/solitaencaceres\/wp-json\/wp\/v2\/tags?post=557"}],"curies":[{"name":"wp","href":"https:\/\/api.w.org\/{rel}","templated":true}]}}