{"id":577,"date":"2013-04-25T09:30:19","date_gmt":"2013-04-25T09:30:19","guid":{"rendered":"http:\/\/blogs.hoy.es\/solitaencaceres\/?p=577"},"modified":"2013-04-25T09:30:19","modified_gmt":"2013-04-25T09:30:19","slug":"me-pone-jordi-cruz","status":"publish","type":"post","link":"https:\/\/blogs.hoy.es\/solitaencaceres\/2013\/04\/25\/me-pone-jordi-cruz\/","title":{"rendered":"Me pone Jordi Cruz"},"content":{"rendered":"<p style=\"text-align: center;\"><a href=\"\/solitaencaceres\/wp-content\/uploads\/sites\/41\/2013\/04\/Jordi-Cruz.jpg\"><img loading=\"lazy\" class=\"aligncenter  wp-image-578\" title=\"Jordi Cruz\" src=\"\/solitaencaceres\/wp-content\/uploads\/sites\/41\/2013\/04\/Jordi-Cruz.jpg\" alt=\"\" width=\"316\" height=\"326\" srcset=\"https:\/\/static-blogs.hoy.es\/wp-content\/uploads\/sites\/41\/2013\/04\/Jordi-Cruz.jpg 451w, https:\/\/static-blogs.hoy.es\/wp-content\/uploads\/sites\/41\/2013\/04\/Jordi-Cruz-291x300.jpg 291w\" sizes=\"(max-width: 316px) 100vw, 316px\" \/><\/a><\/p>\n<p>Tiene unos <strong>ojos claros<\/strong>, preciosos, una <strong>mirada intensa,<\/strong> con chispa, coqueta. Una melena <strong>L&#8217;or\u00e9al<\/strong>, porque \u00e9l lo vale, <strong>cara de ni\u00f1o, cuerpo de hombre,<\/strong> alto, delgado, esbelto. Unos <strong>labios carnosos,<\/strong> insinuantes. Pero lo que m\u00e1s me gusta, lo que me ha enamorado de \u00e9l, es <strong>su voz varonil y su talante.<\/strong><\/p>\n<p>Desde\u00a0 el martes, feliz despu\u00e9s de que el <strong>Bayern<\/strong> le endosara <strong>cuatro goles al Bar\u00e7a<\/strong>, me considero la <strong>fan n\u00famero uno de Master Chef.<\/strong> Yo, que no s\u00e9 cocinar m\u00e1s de <strong>cuatro platos<\/strong>, que a\u00fan sigo teni\u00e9ndole miedo a los fogones, que<strong> tiro de microondas siempre que puedo&#8230;<\/strong> me veo trag\u00e1ndome el programa todas las semanas por verlo a \u00e9l, a <strong>Jordi Cruz<\/strong>, <strong>un cocinero que levanta pasiones<\/strong> tanto por sus platos como por su belleza.<\/p>\n<p>Ha sido escucharlo, mirarlo y sentir una punzada en el pecho, <strong>he tenido un flechazo.<\/strong> Y ahora no me lo quito de la cabeza. Me da igual que <strong>cocine un pich\u00f3n o un pavo<\/strong>, que su veredicto sea bueno o sea malo, que est\u00e9 serio o sonr\u00eda, que se haga el duro con los concursantes..<strong>.<\/strong> <strong>a m\u00ed se me cae la baba solo con que lo enfoque la c\u00e1mara. Si cocina tan bien, qu\u00e9 no har\u00e1 con esas manos.\u00a0<\/strong><\/p>\n<!-- AddThis Advanced Settings generic via filter on the_content --><!-- AddThis Share Buttons generic via filter on the_content -->","protected":false},"excerpt":{"rendered":"<p>Tiene unos ojos claros, preciosos, una mirada intensa, con chispa, coqueta. Una melena L&#8217;or\u00e9al, porque \u00e9l lo vale, cara de ni\u00f1o, cuerpo de hombre, alto, delgado, esbelto. Unos labios carnosos, insinuantes. Pero lo que m\u00e1s me gusta, lo que me ha enamorado de \u00e9l, es su voz varonil y su talante. Desde\u00a0 el martes, feliz [&hellip;]<!-- AddThis Advanced Settings generic via filter on get_the_excerpt --><!-- AddThis Share Buttons generic via filter on get_the_excerpt --><\/p>\n","protected":false},"author":45,"featured_media":0,"comment_status":"open","ping_status":"closed","sticky":false,"template":"","format":"standard","meta":[],"categories":[3],"tags":[399,425,439,638,730,931,1004,1108,1420,1648,1709,1715,2017,2186,2244,2313,2563,2572,2679,2700,2865,2960,3100,3121,3209,3274,3417,3834,3907,4251,4320],"_links":{"self":[{"href":"https:\/\/blogs.hoy.es\/solitaencaceres\/wp-json\/wp\/v2\/posts\/577"}],"collection":[{"href":"https:\/\/blogs.hoy.es\/solitaencaceres\/wp-json\/wp\/v2\/posts"}],"about":[{"href":"https:\/\/blogs.hoy.es\/solitaencaceres\/wp-json\/wp\/v2\/types\/post"}],"author":[{"embeddable":true,"href":"https:\/\/blogs.hoy.es\/solitaencaceres\/wp-json\/wp\/v2\/users\/45"}],"replies":[{"embeddable":true,"href":"https:\/\/blogs.hoy.es\/solitaencaceres\/wp-json\/wp\/v2\/comments?post=577"}],"version-history":[{"count":0,"href":"https:\/\/blogs.hoy.es\/solitaencaceres\/wp-json\/wp\/v2\/posts\/577\/revisions"}],"wp:attachment":[{"href":"https:\/\/blogs.hoy.es\/solitaencaceres\/wp-json\/wp\/v2\/media?parent=577"}],"wp:term":[{"taxonomy":"category","embeddable":true,"href":"https:\/\/blogs.hoy.es\/solitaencaceres\/wp-json\/wp\/v2\/categories?post=577"},{"taxonomy":"post_tag","embeddable":true,"href":"https:\/\/blogs.hoy.es\/solitaencaceres\/wp-json\/wp\/v2\/tags?post=577"}],"curies":[{"name":"wp","href":"https:\/\/api.w.org\/{rel}","templated":true}]}}