{"id":581,"date":"2013-05-01T09:28:55","date_gmt":"2013-05-01T09:28:55","guid":{"rendered":"http:\/\/blogs.hoy.es\/solitaencaceres\/?p=581"},"modified":"2013-05-01T09:28:55","modified_gmt":"2013-05-01T09:28:55","slug":"mourinho-quedate","status":"publish","type":"post","link":"https:\/\/blogs.hoy.es\/solitaencaceres\/2013\/05\/01\/mourinho-quedate\/","title":{"rendered":"\u00a1Mourinho, qu\u00e9date!"},"content":{"rendered":"<p style=\"text-align: center;\"><a href=\"\/solitaencaceres\/wp-content\/uploads\/sites\/41\/2013\/05\/Mourinho.png\"><img loading=\"lazy\" class=\"aligncenter  wp-image-582\" title=\"Mourinho\" src=\"\/solitaencaceres\/wp-content\/uploads\/sites\/41\/2013\/05\/Mourinho.png\" alt=\"\" width=\"416\" height=\"278\" srcset=\"https:\/\/static-blogs.hoy.es\/wp-content\/uploads\/sites\/41\/2013\/05\/Mourinho.png 594w, https:\/\/static-blogs.hoy.es\/wp-content\/uploads\/sites\/41\/2013\/05\/Mourinho-300x201.png 300w\" sizes=\"(max-width: 416px) 100vw, 416px\" \/><\/a><\/p>\n<p>Si no es porque hoy es el d\u00eda del trabajador y porque no tengo cinco a\u00f1os menos,<strong> esta ma\u00f1ana hubiera apagado el despertador para no ir a clase, una pr\u00e1ctica que he solido realizar como si se tratase de una especie de rito cada vez que el Real Madrid pierde un partido importante.<\/strong> La primera vez, tras perder<strong> la final de la Copa del Rey ante el D\u00e9por en el Bernab\u00e9u.\u00a0<\/strong><\/p>\n<p>Hoy no estoy tan triste por la eliminaci\u00f3n de la <strong>Liga de campeones,<\/strong> a un paso de la gran final de <strong>Wembley,<\/strong> ni siquiera por habernos quedado a un gol, tal vez por falta de tiempo, por<strong> no haber aprovechado las cuatro oportunidades tan claras que hemos tenido en los primeros quince minutos del partido&#8230;<\/strong> no, hoy no me preocupa eso, sino ese aire de renovaci\u00f3n, de fin de una etapa, que tanto nos hacen creer<strong> las declaraciones de Mourinho, las informaciones\u00a0 de los periodistas con m\u00e1s rigor deportivo del pa\u00eds sobre los acuerdos de Florentino con Ancelotti, el poco fuelle que le queda a la delantera de nuestro equipo&#8230;<\/strong><\/p>\n<p>No me gusta eso de tener que volver a construir un <strong>nuevo proyecto<\/strong>, un nuevo vestuario, y menos <strong>con jugadores que triunfan en otros equipos y que al llegar al nuestro, se pasan la mitad de la temporada lesionados, que no rinden como debieran.<\/strong> Mourinho no es del todo de mi agrado, pero lo cierto es que al llegar \u00e9l, <strong>superamos el gafe de los octavos.<\/strong><\/p>\n<p>Desde que se fue <strong>Del Bosque<\/strong> del Madrid, bueno, mejor dicho, desde que lo echaron, ning\u00fan otro entrenador hab\u00eda vuelto a hacernos so\u00f1ar<strong> con una nueva orejona, con la d\u00e9cima.<\/strong> Desde <strong>Queiroz<\/strong> hasta llegar a <strong>Pellegrini,<\/strong> ning\u00fan entrenador hab\u00eda conseguido hacer<strong> un equipo fuerte a nivel europeo,<\/strong> que demostrase ante los dem\u00e1s pa\u00edses del continente por\u00a0 qu\u00e9 hab\u00eda sido elegido <strong>el mejor del siglo XX.\u00a0<\/strong> Y ahora que estamos a buen nivel, entre los cuatro mejores, que la mayor ilusi\u00f3n tras una derrota es creer que el a\u00f1o siguiente se va a poder,<strong> van y nos vuelven a dejar hu\u00e9rfanos.<\/strong> O por ahora, eso nos hacen creer.<\/p>\n<p><strong>Yo quiero volver a ilusionarme el a\u00f1o que viene, una d\u00e9cada despu\u00e9s de conseguir la novena, con que la d\u00e9cima est\u00e1 a nuestro alcance. \u00a1Mourinho, qu\u00e9date!<\/strong><\/p>\n<!-- AddThis Advanced Settings generic via filter on the_content --><!-- AddThis Share Buttons generic via filter on the_content -->","protected":false},"excerpt":{"rendered":"<p>Si no es porque hoy es el d\u00eda del trabajador y porque no tengo cinco a\u00f1os menos, esta ma\u00f1ana hubiera apagado el despertador para no ir a clase, una pr\u00e1ctica que he solido realizar como si se tratase de una especie de rito cada vez que el Real Madrid pierde un partido importante. La primera [&hellip;]<!-- AddThis Advanced Settings generic via filter on get_the_excerpt --><!-- AddThis Share Buttons generic via filter on get_the_excerpt --><\/p>\n","protected":false},"author":45,"featured_media":0,"comment_status":"open","ping_status":"closed","sticky":false,"template":"","format":"standard","meta":[],"categories":[3],"tags":[],"_links":{"self":[{"href":"https:\/\/blogs.hoy.es\/solitaencaceres\/wp-json\/wp\/v2\/posts\/581"}],"collection":[{"href":"https:\/\/blogs.hoy.es\/solitaencaceres\/wp-json\/wp\/v2\/posts"}],"about":[{"href":"https:\/\/blogs.hoy.es\/solitaencaceres\/wp-json\/wp\/v2\/types\/post"}],"author":[{"embeddable":true,"href":"https:\/\/blogs.hoy.es\/solitaencaceres\/wp-json\/wp\/v2\/users\/45"}],"replies":[{"embeddable":true,"href":"https:\/\/blogs.hoy.es\/solitaencaceres\/wp-json\/wp\/v2\/comments?post=581"}],"version-history":[{"count":0,"href":"https:\/\/blogs.hoy.es\/solitaencaceres\/wp-json\/wp\/v2\/posts\/581\/revisions"}],"wp:attachment":[{"href":"https:\/\/blogs.hoy.es\/solitaencaceres\/wp-json\/wp\/v2\/media?parent=581"}],"wp:term":[{"taxonomy":"category","embeddable":true,"href":"https:\/\/blogs.hoy.es\/solitaencaceres\/wp-json\/wp\/v2\/categories?post=581"},{"taxonomy":"post_tag","embeddable":true,"href":"https:\/\/blogs.hoy.es\/solitaencaceres\/wp-json\/wp\/v2\/tags?post=581"}],"curies":[{"name":"wp","href":"https:\/\/api.w.org\/{rel}","templated":true}]}}