{"id":598,"date":"2013-05-14T09:00:53","date_gmt":"2013-05-14T09:00:53","guid":{"rendered":"http:\/\/blogs.hoy.es\/solitaencaceres\/?p=598"},"modified":"2013-05-14T09:00:53","modified_gmt":"2013-05-14T09:00:53","slug":"malas-costumbres","status":"publish","type":"post","link":"https:\/\/blogs.hoy.es\/solitaencaceres\/2013\/05\/14\/malas-costumbres\/","title":{"rendered":"Malas costumbres"},"content":{"rendered":"<p><a href=\"\/solitaencaceres\/wp-content\/uploads\/sites\/41\/2013\/05\/nivel\u00f3n.jpg\"><img loading=\"lazy\" class=\"aligncenter size-full wp-image-599\" title=\"Malas costumbres\" src=\"\/solitaencaceres\/wp-content\/uploads\/sites\/41\/2013\/05\/nivel\u00f3n.jpg\" alt=\"\" width=\"190\" height=\"151\" \/><\/a><\/p>\n<p>Empec\u00e9 a acostumbrarme muy pronto, al mes de comenzar la carrera, <strong>a faltar a clase.<\/strong> No porque no me interesasen, sino<strong> porque ve\u00eda tanto nivel en las intervenciones de mis compa\u00f1eros que me sent\u00eda fuera de juego y me deprim\u00eda.<\/strong> Decid\u00ed cursar Filolog\u00eda Hisp\u00e1nica el \u00faltimo d\u00eda de la Selectividad, en septiembre, cuando comenc\u00e9 a agobiarme porque la carrera que quer\u00eda llevaba sin plazas desde antes del verano y el ciclo formativo que estaba cursando no me convenc\u00eda.<\/p>\n<p>No tard\u00e9 mucho en asimilar el paso del instituto a la universidad, <strong>pero de ese tiempo solo recuerdo l\u00e1grimas y m\u00e1s l\u00e1grimas.<\/strong> Digamos que acab\u00e9 cogi\u00e9ndole el truco: como al principio est\u00e1bamos mezclados los alumnos de todas las filolog\u00edas, en la mayor\u00eda de las clases pod\u00edamos rondar el centenar de personas en el aula y claro, <strong>era imposible que los profesores llegasen a memorizar todos los nombres y caras.<\/strong> Me sent\u00eda un simple<strong> expediente,<\/strong> un nombre unido a un n\u00famero, que ten\u00eda que <strong>entregar pr\u00e1cticas, trabajos y aprobar ex\u00e1menes,<\/strong> pero que no necesitaba asistir a clase, as\u00ed que pod\u00eda aprovechar el tiempo en casa, en la biblioteca o, incluso, <strong>me llegu\u00e9 a plantear hacer un curso de iluminaci\u00f3n por las ma\u00f1anas.<\/strong><\/p>\n<p>A lo bueno se acostumbra uno enseguida.<strong> En segundo, me pas\u00f3 lo mismo que me hab\u00eda pasado en primero con todas las asignaturas con el ingl\u00e9s.<\/strong> Fui a clase los primeros d\u00edas y, por miedo a que la profesora <strong>me hiciese leer o me preguntase, dej\u00e9 de asistir.<\/strong> Otra vez, el ver a gente con tan buen nivel me hundi\u00f3 y a d\u00eda de hoy, <strong>a\u00fan tengo el idioma pendiente.<\/strong><\/p>\n<p>Este a\u00f1o, en tercero, d\u00e1ndole un poco vueltas al coco, <strong>he llegado a la conclusi\u00f3n de que no he sabido adaptarme a tiempos nuevos, a un cambio de chip que he intentado varias veces, pero que por mi afici\u00f3n a hacer veinte mil cosas a la vez, no he sabido llevar a cabo.<\/strong> Ya me lo han dicho en varias ocasiones: &#8220;Todo no se puede tener&#8221;, pero cuando una se acostumbra a no agobiarse por sentir que no das la talla, que otros te dan mil vueltas, que eres un cero a la izquierda&#8230;<strong> relaciona no ir a clase con no pasar un mal rato, que emocionalmente puede acabarte influyendo, cuando puedes ir a darte un paseo, a hacer deporte, fotograf\u00edas, escribir o leer en un parque a la sombra de un \u00e1rbol sin que las inseguridades te atormenten.<\/strong> Este a\u00f1o, con asignaturas espec\u00edficas y entre veinte y treinta alumnos por clase, las <strong>malas costumbres<\/strong> me est\u00e1n pasando factura.<\/p>\n<!-- AddThis Advanced Settings generic via filter on the_content --><!-- AddThis Share Buttons generic via filter on the_content -->","protected":false},"excerpt":{"rendered":"<p>Empec\u00e9 a acostumbrarme muy pronto, al mes de comenzar la carrera, a faltar a clase. No porque no me interesasen, sino porque ve\u00eda tanto nivel en las intervenciones de mis compa\u00f1eros que me sent\u00eda fuera de juego y me deprim\u00eda. Decid\u00ed cursar Filolog\u00eda Hisp\u00e1nica el \u00faltimo d\u00eda de la Selectividad, en septiembre, cuando comenc\u00e9 a [&hellip;]<!-- AddThis Advanced Settings generic via filter on get_the_excerpt --><!-- AddThis Share Buttons generic via filter on get_the_excerpt --><\/p>\n","protected":false},"author":45,"featured_media":0,"comment_status":"open","ping_status":"closed","sticky":false,"template":"","format":"standard","meta":[],"categories":[3],"tags":[180,311,452,739,872,981,1144,1597,1607,1640,1689,1690,1788,2066,2117,2132,2144,2320,2501,2873,3292,3352,3415,3739,3756,4076,4191,4247],"_links":{"self":[{"href":"https:\/\/blogs.hoy.es\/solitaencaceres\/wp-json\/wp\/v2\/posts\/598"}],"collection":[{"href":"https:\/\/blogs.hoy.es\/solitaencaceres\/wp-json\/wp\/v2\/posts"}],"about":[{"href":"https:\/\/blogs.hoy.es\/solitaencaceres\/wp-json\/wp\/v2\/types\/post"}],"author":[{"embeddable":true,"href":"https:\/\/blogs.hoy.es\/solitaencaceres\/wp-json\/wp\/v2\/users\/45"}],"replies":[{"embeddable":true,"href":"https:\/\/blogs.hoy.es\/solitaencaceres\/wp-json\/wp\/v2\/comments?post=598"}],"version-history":[{"count":0,"href":"https:\/\/blogs.hoy.es\/solitaencaceres\/wp-json\/wp\/v2\/posts\/598\/revisions"}],"wp:attachment":[{"href":"https:\/\/blogs.hoy.es\/solitaencaceres\/wp-json\/wp\/v2\/media?parent=598"}],"wp:term":[{"taxonomy":"category","embeddable":true,"href":"https:\/\/blogs.hoy.es\/solitaencaceres\/wp-json\/wp\/v2\/categories?post=598"},{"taxonomy":"post_tag","embeddable":true,"href":"https:\/\/blogs.hoy.es\/solitaencaceres\/wp-json\/wp\/v2\/tags?post=598"}],"curies":[{"name":"wp","href":"https:\/\/api.w.org\/{rel}","templated":true}]}}