{"id":601,"date":"2013-05-16T09:05:45","date_gmt":"2013-05-16T09:05:45","guid":{"rendered":"http:\/\/blogs.hoy.es\/solitaencaceres\/?p=601"},"modified":"2013-05-16T09:05:45","modified_gmt":"2013-05-16T09:05:45","slug":"los-bichos-y-las-terrazas","status":"publish","type":"post","link":"https:\/\/blogs.hoy.es\/solitaencaceres\/2013\/05\/16\/los-bichos-y-las-terrazas\/","title":{"rendered":"Los bichos y las terrazas"},"content":{"rendered":"<p>&nbsp;<\/p>\n<p style=\"text-align: center;\"><a href=\"\/solitaencaceres\/wp-content\/uploads\/sites\/41\/2013\/05\/bicho1.jpg\"><img loading=\"lazy\" class=\"aligncenter  wp-image-604\" title=\"bicho\" src=\"\/solitaencaceres\/wp-content\/uploads\/sites\/41\/2013\/05\/bicho1.jpg\" alt=\"\" width=\"443\" height=\"295\" srcset=\"https:\/\/static-blogs.hoy.es\/wp-content\/uploads\/sites\/41\/2013\/05\/bicho1.jpg 4272w, https:\/\/static-blogs.hoy.es\/wp-content\/uploads\/sites\/41\/2013\/05\/bicho1-300x200.jpg 300w, https:\/\/static-blogs.hoy.es\/wp-content\/uploads\/sites\/41\/2013\/05\/bicho1-768x512.jpg 768w, https:\/\/static-blogs.hoy.es\/wp-content\/uploads\/sites\/41\/2013\/05\/bicho1-1024x683.jpg 1024w\" sizes=\"(max-width: 443px) 100vw, 443px\" \/><\/a><\/p>\n<p>Cada vez que veo a una <strong>chica asustada gritando y apart\u00e1ndose cuando pasa a su lado un perro<\/strong>, normalmente grande, no puedo evitar re\u00edrme y pensar que tampoco es para tanto. Sin embargo, cuando <strong>me sube una hormiga por el brazo o me revolotea una avispa al lado,<\/strong> yo soy la primera que empieza a<strong> gritar como una loca y corre de lado a lado.<\/strong><\/p>\n<p>Hay quien teme a los animales grandes y hay quien, como yo, tememos m\u00e1s a los peque\u00f1os, <strong>con sus patitas, sus aguijones, sus cuerpos gelatinosos, sus babas&#8230;<\/strong> Ni en verano ni en invierno nos libramos de ellos. No hay d\u00eda de lluvia estos meses atr\u00e1s que no haya pensado: &#8220;Por favor, que no me encuentre con<strong> un caracol o una babosa<\/strong> en la pared de casa&#8221;. En cambio, estos d\u00edas que nos vienen, lo \u00fanico que espero es que no me entren <strong>avispas por la ventana, que los saltamontes no se me posen en el pelo, que cuando vaya de blanco no se me llene la ropa de bichitos negros&#8230; y que las santateresitas no me obliguen a ir a ponerme un Urbas\u00f3n al m\u00e9dico.<\/strong><\/p>\n<p>En esta \u00e9poca del a\u00f1o, las terrazas de los bares est\u00e1n llenas de gente disfrutando de lo bien que sientan unas ca\u00f1as fresquitas para relajarse tras un duro d\u00eda. Sin embargo, y a contracorriente, <strong>yo prefiero el aire acondicionado y los asientos de adentro.<\/strong> No ser\u00eda la primera vez que <strong>empieza a revolotear una avispa a mi alrededor<\/strong>, me levanto corriendo asustada casi tirando las ca\u00f1as, me pongo a varios metros de distancia y vuelvo cuando se va, aunque por poco tiempo, porque siempre acaba volviendo, y al final,<strong> tras ponerme nerviosa, acabo abandonando la terraza.<\/strong><\/p>\n<!-- AddThis Advanced Settings generic via filter on the_content --><!-- AddThis Share Buttons generic via filter on the_content -->","protected":false},"excerpt":{"rendered":"<p>&nbsp; Cada vez que veo a una chica asustada gritando y apart\u00e1ndose cuando pasa a su lado un perro, normalmente grande, no puedo evitar re\u00edrme y pensar que tampoco es para tanto. Sin embargo, cuando me sube una hormiga por el brazo o me revolotea una avispa al lado, yo soy la primera que empieza [&hellip;]<!-- AddThis Advanced Settings generic via filter on get_the_excerpt --><!-- AddThis Share Buttons generic via filter on get_the_excerpt --><\/p>\n","protected":false},"author":45,"featured_media":0,"comment_status":"open","ping_status":"closed","sticky":false,"template":"","format":"standard","meta":[],"categories":[3],"tags":[127,139,222,351,360,361,460,522,677,703,729,831,1121,2027,2148,2422,2440,2600,3060,3113,3149,3168,3190,3683,3708,3834,3979,4198,4244,4247],"_links":{"self":[{"href":"https:\/\/blogs.hoy.es\/solitaencaceres\/wp-json\/wp\/v2\/posts\/601"}],"collection":[{"href":"https:\/\/blogs.hoy.es\/solitaencaceres\/wp-json\/wp\/v2\/posts"}],"about":[{"href":"https:\/\/blogs.hoy.es\/solitaencaceres\/wp-json\/wp\/v2\/types\/post"}],"author":[{"embeddable":true,"href":"https:\/\/blogs.hoy.es\/solitaencaceres\/wp-json\/wp\/v2\/users\/45"}],"replies":[{"embeddable":true,"href":"https:\/\/blogs.hoy.es\/solitaencaceres\/wp-json\/wp\/v2\/comments?post=601"}],"version-history":[{"count":0,"href":"https:\/\/blogs.hoy.es\/solitaencaceres\/wp-json\/wp\/v2\/posts\/601\/revisions"}],"wp:attachment":[{"href":"https:\/\/blogs.hoy.es\/solitaencaceres\/wp-json\/wp\/v2\/media?parent=601"}],"wp:term":[{"taxonomy":"category","embeddable":true,"href":"https:\/\/blogs.hoy.es\/solitaencaceres\/wp-json\/wp\/v2\/categories?post=601"},{"taxonomy":"post_tag","embeddable":true,"href":"https:\/\/blogs.hoy.es\/solitaencaceres\/wp-json\/wp\/v2\/tags?post=601"}],"curies":[{"name":"wp","href":"https:\/\/api.w.org\/{rel}","templated":true}]}}