{"id":613,"date":"2013-05-22T11:08:20","date_gmt":"2013-05-22T11:08:20","guid":{"rendered":"http:\/\/blogs.hoy.es\/solitaencaceres\/?p=613"},"modified":"2013-05-22T11:08:20","modified_gmt":"2013-05-22T11:08:20","slug":"ganas-de-world-padel-tour","status":"publish","type":"post","link":"https:\/\/blogs.hoy.es\/solitaencaceres\/2013\/05\/22\/ganas-de-world-padel-tour\/","title":{"rendered":"Ganas de World P\u00e1del Tour"},"content":{"rendered":"<p style=\"text-align: center;\"><a href=\"\/solitaencaceres\/wp-content\/uploads\/sites\/41\/2013\/05\/Pista-p\u00e1del.jpg\"><img loading=\"lazy\" class=\"aligncenter  wp-image-614\" title=\"Pista p\u00e1del\" src=\"\/solitaencaceres\/wp-content\/uploads\/sites\/41\/2013\/05\/Pista-p\u00e1del.jpg\" alt=\"\" width=\"461\" height=\"346\" srcset=\"https:\/\/static-blogs.hoy.es\/wp-content\/uploads\/sites\/41\/2013\/05\/Pista-p\u00e1del.jpg 1280w, https:\/\/static-blogs.hoy.es\/wp-content\/uploads\/sites\/41\/2013\/05\/Pista-p\u00e1del-300x225.jpg 300w, https:\/\/static-blogs.hoy.es\/wp-content\/uploads\/sites\/41\/2013\/05\/Pista-p\u00e1del-768x576.jpg 768w, https:\/\/static-blogs.hoy.es\/wp-content\/uploads\/sites\/41\/2013\/05\/Pista-p\u00e1del-1024x768.jpg 1024w\" sizes=\"(max-width: 461px) 100vw, 461px\" \/><\/a><\/p>\n<p>El a\u00f1o pasado por estas fechas, descubr\u00ed que exist\u00eda el <strong>World P\u00e1del Tour<\/strong>. Como por aquella \u00e9poca a\u00fan no valoraba el p\u00e1del porque <strong>no hab\u00eda jugado nunca<\/strong>, m\u00e1s que ilusionarme el torneo, me fij\u00e9 en que la <strong>macro pista<\/strong> ocultaba la belleza de las<strong> plazas de las ciudades espa\u00f1olas<\/strong> donde se instalaba e imped\u00eda disfrutar y tener una concepci\u00f3n visual del entorno.<\/p>\n<p>Supongo que ahora, a la mayor\u00eda de <strong>los turistas que vienen a C\u00e1ceres y visitan la Plaza Mayor, les sucede lo mismo,<\/strong> pues ver tanto hierro y tanta obra no es agradable. A\u00a0 m\u00ed, los primeros d\u00edas me recordaban a cuando <strong>se remodel\u00f3 la Plaza<\/strong>, pues parec\u00eda que en cualquier momentos iban a volver a abrir el suelo.<\/p>\n<p>Hay noches que suelo bajar a sentarme en las escaleras, delante de la oficina de Turismo, cada vez con menos frecuencia, a pesar de lo bien que sienta y lo mucho que relaja. La pista de hielo que hubo estas Navidades tuvo culpa en parte, pues <strong>la enorme lona blanca afeaba las vistas y las grandes aglomeraciones de gente que hab\u00eda, convert\u00edan la Plaza Mayor en un lugar poco tranquilo para las personas a las que nos disgustan los excesivos decibelios.<\/strong><\/p>\n<p>Estos d\u00edas, sin embargo, <strong>bajar a la plaza y ver c\u00f3mo se va construyendo poco a poco la pista, ha sido mi mayor ilusi\u00f3n.<\/strong> Supongo que si hace un mes, en vez de aficionarme a jugar al p\u00e1del, me hubiera dado por\u00a0 aficionarme, por ejemplo, a la gastronom\u00eda, <strong>esa gran estructura met\u00e1lica no me hubiera gustado y s\u00ed lo hubiera hecho una feria de tapas.<\/strong><\/p>\n<!-- AddThis Advanced Settings generic via filter on the_content --><!-- AddThis Share Buttons generic via filter on the_content -->","protected":false},"excerpt":{"rendered":"<p>El a\u00f1o pasado por estas fechas, descubr\u00ed que exist\u00eda el World P\u00e1del Tour. Como por aquella \u00e9poca a\u00fan no valoraba el p\u00e1del porque no hab\u00eda jugado nunca, m\u00e1s que ilusionarme el torneo, me fij\u00e9 en que la macro pista ocultaba la belleza de las plazas de las ciudades espa\u00f1olas donde se instalaba e imped\u00eda disfrutar [&hellip;]<!-- AddThis Advanced Settings generic via filter on get_the_excerpt --><!-- AddThis Share Buttons generic via filter on get_the_excerpt --><\/p>\n","protected":false},"author":45,"featured_media":0,"comment_status":"open","ping_status":"closed","sticky":false,"template":"","format":"standard","meta":[],"categories":[3],"tags":[],"_links":{"self":[{"href":"https:\/\/blogs.hoy.es\/solitaencaceres\/wp-json\/wp\/v2\/posts\/613"}],"collection":[{"href":"https:\/\/blogs.hoy.es\/solitaencaceres\/wp-json\/wp\/v2\/posts"}],"about":[{"href":"https:\/\/blogs.hoy.es\/solitaencaceres\/wp-json\/wp\/v2\/types\/post"}],"author":[{"embeddable":true,"href":"https:\/\/blogs.hoy.es\/solitaencaceres\/wp-json\/wp\/v2\/users\/45"}],"replies":[{"embeddable":true,"href":"https:\/\/blogs.hoy.es\/solitaencaceres\/wp-json\/wp\/v2\/comments?post=613"}],"version-history":[{"count":0,"href":"https:\/\/blogs.hoy.es\/solitaencaceres\/wp-json\/wp\/v2\/posts\/613\/revisions"}],"wp:attachment":[{"href":"https:\/\/blogs.hoy.es\/solitaencaceres\/wp-json\/wp\/v2\/media?parent=613"}],"wp:term":[{"taxonomy":"category","embeddable":true,"href":"https:\/\/blogs.hoy.es\/solitaencaceres\/wp-json\/wp\/v2\/categories?post=613"},{"taxonomy":"post_tag","embeddable":true,"href":"https:\/\/blogs.hoy.es\/solitaencaceres\/wp-json\/wp\/v2\/tags?post=613"}],"curies":[{"name":"wp","href":"https:\/\/api.w.org\/{rel}","templated":true}]}}