{"id":645,"date":"2013-06-10T12:11:29","date_gmt":"2013-06-10T12:11:29","guid":{"rendered":"http:\/\/blogs.hoy.es\/solitaencaceres\/?p=645"},"modified":"2013-06-10T12:11:29","modified_gmt":"2013-06-10T12:11:29","slug":"carolina-tratame-bien","status":"publish","type":"post","link":"https:\/\/blogs.hoy.es\/solitaencaceres\/2013\/06\/10\/carolina-tratame-bien\/","title":{"rendered":"Carolina tr\u00e1tame bien"},"content":{"rendered":"<p style=\"text-align: center;\">\u00a0 \u00a0 \u00a0 \u00a0 \u00a0 \u00a0<a href=\"\/solitaencaceres\/wp-content\/uploads\/sites\/41\/2013\/06\/M-Clan.png\"><img loading=\"lazy\" class=\"aligncenter  wp-image-646\" title=\"M-Clan\" src=\"\/solitaencaceres\/wp-content\/uploads\/sites\/41\/2013\/06\/M-Clan.png\" alt=\"\" width=\"448\" height=\"314\" srcset=\"https:\/\/static-blogs.hoy.es\/wp-content\/uploads\/sites\/41\/2013\/06\/M-Clan.png 560w, https:\/\/static-blogs.hoy.es\/wp-content\/uploads\/sites\/41\/2013\/06\/M-Clan-300x210.png 300w\" sizes=\"(max-width: 448px) 100vw, 448px\" \/><\/a><\/p>\n<p>\u00a0 \u00a0\u00a0El viernes me apetec\u00eda <strong>ir a ver a M-Clan<\/strong>, pero no tuve el valor suficiente para ir al <strong>concierto<\/strong>. Cuando ahora me cuentan que hubo un <strong>gran ambientazo<\/strong> y que la gente que asisti\u00f3, a pesar de la lluvia a ratos, se lo pas\u00f3 genial, <strong>tengo remordimientos por hab\u00e9rmelo perdido.<\/strong><\/p>\n<p>Todo comenz\u00f3 el d\u00eda que mis padres decidieron <strong>llamarme Carolina<\/strong>. Con la de nombres que hab\u00eda para elegir&#8230; Cada vez que un maestro en la escuela le\u00eda <strong>la lista de la clase<\/strong> para anotar las faltas, al nombrarme, hab\u00eda alg\u00fan compa\u00f1ero que no pod\u00eda evitar hacer la gracia y cantarme <strong>LA CANCI\u00d3N<\/strong>. Ah\u00ed fue donde m\u00e1s lo sufr\u00ed, en el instituto no desentonaba tanto porque tuve la &#8216;suerte&#8217; de que me toc\u00f3 en clase con un chico de fuera que <strong>se apellidaba igual que el due\u00f1o del puticlub de mi pueblo<\/strong>, y sin que \u00e9l ni los profesores entendiesen nada, cuando llegaba su turno en la lista, al o\u00edr su apellido,\u00a0<strong> se produc\u00eda un gran estruendo de risas, un alboroto tremebundo en el aula.<\/strong><\/p>\n<p><strong> Nek marc\u00f3 la vida de las Lauras, Lady Gaga ha marcado la de los Alejandros, Nino Bravo la de las Noelias&#8230; y tambi\u00e9n la m\u00eda.<\/strong> Buscando en Internet, encontr\u00e9 hace tiempo siete canciones con mi nombre: cuatro con Carolina, tres con Carol. <strong>Formula V, el D\u00fao Din\u00e1mico, Nino Bravo, entre otros, \u00a0o incluso John Cobra<\/strong> en 2010 con una canci\u00f3n con la que intent\u00f3 presentarse a <strong>Eurovisi\u00f3n por Espa\u00f1a<\/strong> y acab\u00f3 dando el espect\u00e1culo tras insultar al p\u00fablico en directo, han provocado que siempre que alguien escucha mi nombre, no pueda evitar interpretarlo en forma de canci\u00f3n. Sin embargo, sin duda alguna y por goleada, el que m\u00e1s me ha marcado la vida ha sido<strong> M-Clan<\/strong>.<\/p>\n<p><strong> &#8220;Carolina tr\u00e1tame bien, no te r\u00edas de m\u00ed, no me arranques la piel. Carolina tr\u00e1tame bien o al final te tendr\u00e9 que comer&#8221;.<\/strong> Esas dos frases, ese estribillo tan pegadizo, lo llevo escuchando cada vez que alguien pronuncia mi nombre desde que tengo uso de raz\u00f3n. Reconozco que me gusta el ritmo de la canci\u00f3n, pero la letra es da\u00f1ina:<strong> que si no tengo edad para hacer el amor, que si mi madre me estar\u00e1 buscando, que si soy una ocupa porque no me voy de su casa a pesar de que me echa&#8230;<\/strong><\/p>\n<p>Reflexionando ahora en fr\u00edo<strong>, creo que hice bien no yendo al concierto<\/strong>, porque escuchar a <strong>miles de voces al comp\u00e1s\u00a0 de M-Clan cantando &#8220;Carolina tr\u00e1tame bien&#8221;<\/strong> , tal vez hubiera provocado que demostrase a alguno que <strong>s\u00ed que tengo edad para hacer el amor.\u00a0<\/strong><\/p>\n<!-- AddThis Advanced Settings generic via filter on the_content --><!-- AddThis Share Buttons generic via filter on the_content -->","protected":false},"excerpt":{"rendered":"<p>\u00a0 \u00a0 \u00a0 \u00a0 \u00a0 \u00a0 \u00a0 \u00a0\u00a0El viernes me apetec\u00eda ir a ver a M-Clan, pero no tuve el valor suficiente para ir al concierto. Cuando ahora me cuentan que hubo un gran ambientazo y que la gente que asisti\u00f3, a pesar de la lluvia a ratos, se lo pas\u00f3 genial, tengo remordimientos por [&hellip;]<!-- AddThis Advanced Settings generic via filter on get_the_excerpt --><!-- AddThis Share Buttons generic via filter on get_the_excerpt --><\/p>\n","protected":false},"author":45,"featured_media":0,"comment_status":"open","ping_status":"closed","sticky":false,"template":"","format":"standard","meta":[],"categories":[3],"tags":[],"_links":{"self":[{"href":"https:\/\/blogs.hoy.es\/solitaencaceres\/wp-json\/wp\/v2\/posts\/645"}],"collection":[{"href":"https:\/\/blogs.hoy.es\/solitaencaceres\/wp-json\/wp\/v2\/posts"}],"about":[{"href":"https:\/\/blogs.hoy.es\/solitaencaceres\/wp-json\/wp\/v2\/types\/post"}],"author":[{"embeddable":true,"href":"https:\/\/blogs.hoy.es\/solitaencaceres\/wp-json\/wp\/v2\/users\/45"}],"replies":[{"embeddable":true,"href":"https:\/\/blogs.hoy.es\/solitaencaceres\/wp-json\/wp\/v2\/comments?post=645"}],"version-history":[{"count":0,"href":"https:\/\/blogs.hoy.es\/solitaencaceres\/wp-json\/wp\/v2\/posts\/645\/revisions"}],"wp:attachment":[{"href":"https:\/\/blogs.hoy.es\/solitaencaceres\/wp-json\/wp\/v2\/media?parent=645"}],"wp:term":[{"taxonomy":"category","embeddable":true,"href":"https:\/\/blogs.hoy.es\/solitaencaceres\/wp-json\/wp\/v2\/categories?post=645"},{"taxonomy":"post_tag","embeddable":true,"href":"https:\/\/blogs.hoy.es\/solitaencaceres\/wp-json\/wp\/v2\/tags?post=645"}],"curies":[{"name":"wp","href":"https:\/\/api.w.org\/{rel}","templated":true}]}}