{"id":652,"date":"2013-06-11T09:00:41","date_gmt":"2013-06-11T09:00:41","guid":{"rendered":"http:\/\/blogs.hoy.es\/solitaencaceres\/?p=652"},"modified":"2013-06-11T09:00:41","modified_gmt":"2013-06-11T09:00:41","slug":"el-callo-del-estudiante","status":"publish","type":"post","link":"https:\/\/blogs.hoy.es\/solitaencaceres\/2013\/06\/11\/el-callo-del-estudiante\/","title":{"rendered":"El callo del estudiante"},"content":{"rendered":"<p style=\"text-align: center;\"><a href=\"\/solitaencaceres\/wp-content\/uploads\/sites\/41\/2013\/06\/El-callo-del-estudiante.png\"><img loading=\"lazy\" class=\"aligncenter  wp-image-653\" title=\"El callo del estudiante\" src=\"\/solitaencaceres\/wp-content\/uploads\/sites\/41\/2013\/06\/El-callo-del-estudiante.png\" alt=\"\" width=\"412\" height=\"274\" srcset=\"https:\/\/static-blogs.hoy.es\/wp-content\/uploads\/sites\/41\/2013\/06\/El-callo-del-estudiante.png 589w, https:\/\/static-blogs.hoy.es\/wp-content\/uploads\/sites\/41\/2013\/06\/El-callo-del-estudiante-300x199.png 300w\" sizes=\"(max-width: 412px) 100vw, 412px\" \/><\/a><\/p>\n<p>Echo de menos <strong>mi callo del estudiante<\/strong>, ese elemento tan <strong>simb\u00f3lico<\/strong> que ten\u00edamos la mayor\u00eda de <strong>los alumnos que cog\u00edamos mal el boli<\/strong> y a los que nos mareaban con <strong>correctores<\/strong> cuando nos pas\u00e1bamos el d\u00eda <strong>copiando en clase<\/strong>. Bueno, mejor dicho en los <strong>recreos<\/strong>, porque yo los callos que recuerdo haber tenido me hab\u00edan salido bien porque<strong> hab\u00eda estado castigada<\/strong> y me obligaban a <strong>escribir 500 veces una frase,<\/strong> bien por mi <strong>mala caligraf\u00eda<\/strong> para obligarme a mejorarla.<\/p>\n<p>Recuerdo d\u00edas que, al salir de la escuela, nos pon\u00edamos a comparar <strong>qui\u00e9n ten\u00eda el callo m\u00e1s grande<\/strong>, como si eso quisiese decir que unos \u00e9ramos <strong>m\u00e1s trabajadores que otros.<\/strong> Casi presum\u00edamos m\u00e1s d<strong>e callo que de nota en los ex\u00e1menes,<\/strong> cuando los maestros nos obligaban a que <strong>nuestros padres nos los firmasen<\/strong> y sal\u00edamos todos con <strong>los controles en la mano.<\/strong><\/p>\n<p>Hace ya a\u00f1os que <strong>me desapareci\u00f3 el callo del dedo<\/strong>, b\u00e1sicamente desde que tengo <strong>ordenador<\/strong> y desde que me he dado cuenta de que <strong>no valgo para coger apuntes<\/strong> porque siempre termino perdi\u00e9ndolos. Ahora,<strong> el s\u00edntoma\u00a0caracter\u00edstico de que escribo o estudio es el dolor de cuello y espalda<\/strong>, y lo mucho que me cuesta ponerme en <strong>posici\u00f3n erguida<\/strong> cuando me paso<strong> m\u00e1s de tres horas delante del teclado y la pantalla.<\/strong><\/p>\n<p><strong>El callo del estudiante era bonito<\/strong>, escoc\u00eda de vez en cuando, sobre todo tras el verano cuando ten\u00edas <strong>que volver a afianzarlo<\/strong>, pero no molestaba. <strong>El dolor de cuello y espalda, adem\u00e1s de ser inc\u00f3modo, te deja reventado y medio chepudo para el resto del d\u00eda.<\/strong><\/p>\n<!-- AddThis Advanced Settings generic via filter on the_content --><!-- AddThis Share Buttons generic via filter on the_content -->","protected":false},"excerpt":{"rendered":"<p>Echo de menos mi callo del estudiante, ese elemento tan simb\u00f3lico que ten\u00edamos la mayor\u00eda de los alumnos que cog\u00edamos mal el boli y a los que nos mareaban con correctores cuando nos pas\u00e1bamos el d\u00eda copiando en clase. Bueno, mejor dicho en los recreos, porque yo los callos que recuerdo haber tenido me hab\u00edan [&hellip;]<!-- AddThis Advanced Settings generic via filter on get_the_excerpt --><!-- AddThis Share Buttons generic via filter on get_the_excerpt --><\/p>\n","protected":false},"author":45,"featured_media":0,"comment_status":"open","ping_status":"closed","sticky":false,"template":"","format":"standard","meta":[],"categories":[3],"tags":[180,266,489,618,628,769,900,1046,1059,1116,1162,1288,1496,1502,1509,1565,1568,1597,1759,2494,2905,2975,3008,3037,3342,3522,3806,3817,3942,4247],"_links":{"self":[{"href":"https:\/\/blogs.hoy.es\/solitaencaceres\/wp-json\/wp\/v2\/posts\/652"}],"collection":[{"href":"https:\/\/blogs.hoy.es\/solitaencaceres\/wp-json\/wp\/v2\/posts"}],"about":[{"href":"https:\/\/blogs.hoy.es\/solitaencaceres\/wp-json\/wp\/v2\/types\/post"}],"author":[{"embeddable":true,"href":"https:\/\/blogs.hoy.es\/solitaencaceres\/wp-json\/wp\/v2\/users\/45"}],"replies":[{"embeddable":true,"href":"https:\/\/blogs.hoy.es\/solitaencaceres\/wp-json\/wp\/v2\/comments?post=652"}],"version-history":[{"count":0,"href":"https:\/\/blogs.hoy.es\/solitaencaceres\/wp-json\/wp\/v2\/posts\/652\/revisions"}],"wp:attachment":[{"href":"https:\/\/blogs.hoy.es\/solitaencaceres\/wp-json\/wp\/v2\/media?parent=652"}],"wp:term":[{"taxonomy":"category","embeddable":true,"href":"https:\/\/blogs.hoy.es\/solitaencaceres\/wp-json\/wp\/v2\/categories?post=652"},{"taxonomy":"post_tag","embeddable":true,"href":"https:\/\/blogs.hoy.es\/solitaencaceres\/wp-json\/wp\/v2\/tags?post=652"}],"curies":[{"name":"wp","href":"https:\/\/api.w.org\/{rel}","templated":true}]}}