{"id":660,"date":"2013-06-18T13:21:22","date_gmt":"2013-06-18T13:21:22","guid":{"rendered":"http:\/\/blogs.hoy.es\/solitaencaceres\/?p=660"},"modified":"2013-06-18T13:21:22","modified_gmt":"2013-06-18T13:21:22","slug":"caceres-desierta-de-noche","status":"publish","type":"post","link":"https:\/\/blogs.hoy.es\/solitaencaceres\/2013\/06\/18\/caceres-desierta-de-noche\/","title":{"rendered":"C\u00e1ceres, desierta de noche"},"content":{"rendered":"<p style=\"text-align: center;\"><a href=\"\/solitaencaceres\/wp-content\/uploads\/sites\/41\/2013\/06\/Plaza-Mayor.jpg\"><img loading=\"lazy\" class=\"aligncenter  wp-image-661\" title=\"Plaza Mayor\" src=\"\/solitaencaceres\/wp-content\/uploads\/sites\/41\/2013\/06\/Plaza-Mayor.jpg\" alt=\"\" width=\"548\" height=\"357\" srcset=\"https:\/\/static-blogs.hoy.es\/wp-content\/uploads\/sites\/41\/2013\/06\/Plaza-Mayor.jpg 913w, https:\/\/static-blogs.hoy.es\/wp-content\/uploads\/sites\/41\/2013\/06\/Plaza-Mayor-300x196.jpg 300w, https:\/\/static-blogs.hoy.es\/wp-content\/uploads\/sites\/41\/2013\/06\/Plaza-Mayor-768x501.jpg 768w\" sizes=\"(max-width: 548px) 100vw, 548px\" \/><\/a><\/p>\n<p>Ayer por la noche fui a dar una vuelta con unos amigos por <strong>C\u00e1ceres<\/strong>, buscando tomar un batido o un helado, y <strong>estaba todo vac\u00edo<\/strong>. Nos sent\u00edamos como si fu\u00e9semos turistas. Pas\u00e1bamos los sem\u00e1foros sin apenas mirar a los lados, ni tr\u00e1fico hab\u00eda. Es cierto que hac\u00eda un poco de fr\u00edo, pero <strong>ni siquiera hab\u00eda parejas abrazadas,<\/strong> ni esa imagen tan t\u00edpica de ellas con las chaquetas de ellos ve\u00edas paseando.<\/p>\n<p><strong>Es la primera primavera que paso en C\u00e1ceres, y lo cierto es que imaginaba que en esta \u00e9poca del a\u00f1o habr\u00eda m\u00e1s ambiente anocheciendo.<\/strong> El a\u00f1o pasado, cuando ten\u00eda que volver a las <strong>ocho de la noche a Arroyo en autob\u00fas,<\/strong> me daba mucha pena irme. Llegaba al pueblo, entraba en casa, sal\u00eda a la terraza a tomar el aire y <strong>me imaginaba viviendo en C\u00e1ceres,<\/strong> paseando hasta que se oscureciera el cielo o sentada en una terraza tomando ca\u00f1as hasta que me entrase sue\u00f1o.<\/p>\n<p>Este fin de semana, cuando baj\u00e9 a la plaza por la noche, hab\u00eda <strong>mucho ambiente teatral por el Festival de Teatro Cl\u00e1sico<\/strong>, y muchos j\u00f3venes que, tras disfrutar de <strong>cenas de fin de curso<\/strong>, daban vida a las terrazas, se agrupaban <strong>sentados en las escaleras<\/strong> o , simplemente, paseaban arriba y abajo porque el tiempo invitaba a hacerlo. Ayer, en cambio,<strong> la plaza estaba vac\u00eda,<\/strong> en las escaleras hab\u00eda un par de personas sentadas, dos o tres turistas hac\u00edan notar su presencia con los flashes de sus c\u00e1mara y <strong>la vuelta a casa por Pintores y C\u00e1novas era como andar por un desierto.<\/strong><\/p>\n<p>Este invierno, <strong>los mi\u00e9rcoles a las cuatro de la ma\u00f1ana ve\u00eda a m\u00e1s personas por la calle que estos d\u00edas.<\/strong> Anoche, por primera vez, <strong>tuve miedo al volver sola a casa<\/strong>. Cualquier sombra o ruido que sent\u00eda me alertaba. Espero que lo de anoche fuese culpa del fr\u00edo y no eso que tanto escucho \u00faltimamente:<strong> que C\u00e1ceres est\u00e1 m\u00e1s muerta que viva.<\/strong><\/p>\n<!-- AddThis Advanced Settings generic via filter on the_content --><!-- AddThis Share Buttons generic via filter on the_content -->","protected":false},"excerpt":{"rendered":"<p>Ayer por la noche fui a dar una vuelta con unos amigos por C\u00e1ceres, buscando tomar un batido o un helado, y estaba todo vac\u00edo. Nos sent\u00edamos como si fu\u00e9semos turistas. Pas\u00e1bamos los sem\u00e1foros sin apenas mirar a los lados, ni tr\u00e1fico hab\u00eda. Es cierto que hac\u00eda un poco de fr\u00edo, pero ni siquiera hab\u00eda [&hellip;]<!-- AddThis Advanced Settings generic via filter on get_the_excerpt --><!-- AddThis Share Buttons generic via filter on get_the_excerpt --><\/p>\n","protected":false},"author":45,"featured_media":0,"comment_status":"open","ping_status":"closed","sticky":false,"template":"","format":"standard","meta":[],"categories":[3],"tags":[187,294,335,423,577,689,796,1215,1478,1671,1774,1980,2148,2198,2685,2790,2885,3064,3230,3279,3386,3645,3838,3979,4081,4126,4304],"_links":{"self":[{"href":"https:\/\/blogs.hoy.es\/solitaencaceres\/wp-json\/wp\/v2\/posts\/660"}],"collection":[{"href":"https:\/\/blogs.hoy.es\/solitaencaceres\/wp-json\/wp\/v2\/posts"}],"about":[{"href":"https:\/\/blogs.hoy.es\/solitaencaceres\/wp-json\/wp\/v2\/types\/post"}],"author":[{"embeddable":true,"href":"https:\/\/blogs.hoy.es\/solitaencaceres\/wp-json\/wp\/v2\/users\/45"}],"replies":[{"embeddable":true,"href":"https:\/\/blogs.hoy.es\/solitaencaceres\/wp-json\/wp\/v2\/comments?post=660"}],"version-history":[{"count":0,"href":"https:\/\/blogs.hoy.es\/solitaencaceres\/wp-json\/wp\/v2\/posts\/660\/revisions"}],"wp:attachment":[{"href":"https:\/\/blogs.hoy.es\/solitaencaceres\/wp-json\/wp\/v2\/media?parent=660"}],"wp:term":[{"taxonomy":"category","embeddable":true,"href":"https:\/\/blogs.hoy.es\/solitaencaceres\/wp-json\/wp\/v2\/categories?post=660"},{"taxonomy":"post_tag","embeddable":true,"href":"https:\/\/blogs.hoy.es\/solitaencaceres\/wp-json\/wp\/v2\/tags?post=660"}],"curies":[{"name":"wp","href":"https:\/\/api.w.org\/{rel}","templated":true}]}}