{"id":68,"date":"2012-06-08T07:38:13","date_gmt":"2012-06-08T07:38:13","guid":{"rendered":"http:\/\/blogs.hoy.es\/solitaencaceres\/?p=68"},"modified":"2012-06-08T07:38:13","modified_gmt":"2012-06-08T07:38:13","slug":"alonso-landero-y-goytisolo","status":"publish","type":"post","link":"https:\/\/blogs.hoy.es\/solitaencaceres\/2012\/06\/08\/alonso-landero-y-goytisolo\/","title":{"rendered":"Alonso, Landero y Goytisolo"},"content":{"rendered":"<p>Hace una semana lleg\u00f3<strong> ese momento del a\u00f1o en el que los estudiantes despreocupados durante todo el curso nos agobiamos<\/strong>, nos encerramos en casa <strong>y sufrimos<\/strong>. Esos d\u00edas en los que <strong>aquellos que pasamos de coger apuntes durante todo el curso nos vemos buscando en \u00a0nuestra lista de contactos<\/strong>, acechando las afueras de la facultad, o como \u00faltimo recurso, entrando en el rinc\u00f3n del vago para conseguirlos.<\/p>\n<p>Una semana despu\u00e9s de haber empezado la <strong>\u00e9poca de ex\u00e1menes, he dormido pocas horas y he perdido varios kilos.<\/strong> Tengo un aspecto un poco lamentable, supongo que como el de cualquier persona que se alimenta de caf\u00e9, porque ese es mi men\u00fa diario.<\/p>\n<p>Estos d\u00edas <strong>he perdido mi vida social<\/strong>. <strong>Y si salgo<\/strong>, como hice en la feria,<strong> no disfruto<\/strong>. Estuve toda la noche sinti\u00e9ndome culpable por haber abandonado en casa a <a href=\"http:\/\/www.youtube.com\/watch?v=a4dm5-RmcwA\" target=\"_blank\">Goytisolo<\/a> y a <a href=\"http:\/\/www.hoy.es\/v\/20120405\/sociedad\/landero-vivimos-revolucion-sigilosa-20120405.html\" target=\"_blank\">Landero<\/a>. Paseaba por la feria <strong>buscando mis se\u00f1as de identidad y sinti\u00e9ndome una mujer inmadura<\/strong>, entre macrobotellones que me envolv\u00edan y sucesivas peleas.<\/p>\n<p>Desde esta semana <strong>hasta el d\u00eda 20 de junio, mi madre sabe que no puede entrar en mi territorio<\/strong>. En estos momentos, cambiarme unos apuntes de lugar, entrar a fregar en mi habitaci\u00f3n o pedirme que cuide de mi hermano es tiempo perdido, un tema de la lecci\u00f3n que no tendr\u00e9 ocasi\u00f3n de estudiar. Porque <strong>estos d\u00edas todo lo tengo calculado<\/strong>.<\/p>\n<p>He tenido un grave problema con el ordenador que me est\u00e1 desesperando. No puedo pasar mis apuntes a Word para imprimirlos y <strong>tengo una letra muy de receta de m\u00e9dico<\/strong>. Llevo unos d\u00edas investigando en foros y creo que he llegado a la conclusi\u00f3n de que <strong>lo que le sucede a mi ordenador es fruto de un virus<\/strong>: las tildes me salen dobles. Es tan raro el virus que me afecta a todos los sitios donde puedo escribir (Google Chrome, Microsoft Word, Tuenti\u2026), excepto a los nombres de las carpetas y los archivos. Resulta que <strong>cada vez que quiero poner una tilde, tengo que escribir la letra que la lleva en una carpeta, copiarla y pegarla en la palabra<\/strong>.<\/p>\n<p>Sin embargo, despu\u00e9s de todos estos inconvenientes, <strong>hoy estoy contenta.<\/strong> Los viernes los considero durante todo el a\u00f1o el mejor d\u00eda de la semana. Y ahora, en \u00e9poca de ex\u00e1menes, los considero <strong>mi \u00fanica v\u00e1lvula\u00a0 de escape para relajarme<\/strong> y olvidarme de que al volver a casa me estar\u00e1n esperando los apuntes de Fon\u00e9tica o de Ling\u00fc\u00edstica.<\/p>\n<p style=\"text-align: center;\"><a href=\"\/solitaencaceres\/wp-content\/uploads\/sites\/41\"><img loading=\"lazy\" class=\"aligncenter size-full wp-image-69\" title=\"Con Alonso en la facultad\" src=\"\/solitaencaceres\/wp-content\/uploads\/sites\/41\" alt=\"\" width=\"610\" height=\"418\" \/><\/a><\/p>\n<p>Yo n<strong>o s\u00e9 qu\u00e9 ser\u00eda de m\u00ed sin Alonso de la Torre y los viernes<\/strong>. Y eso que estos d\u00edas <strong>al pobre le doy poca conversaci\u00f3n<\/strong>. Llego, me bajo del autob\u00fas quej\u00e1ndome de los m\u00faltiples dolores de espalda y cuello que tengo, monto en el coche de Alonso rumbo al lugar m\u00e1s perdido del mundo donde entrevistar\u00e9 a la persona m\u00e1s extra\u00f1a que encuentre, y tras conocer estos datos, me duermo.<\/p>\n<p><strong>El viernes de la semana pasada fue el primero que pas\u00e9 sin Alonso desde que muri\u00f3 mi abuelo.<\/strong> Alg\u00fan d\u00eda contar\u00e9 los extra\u00f1os sucesos de aquel d\u00eda, cuando me vea con fuerzas para hacer humor negro. Este viernes no muri\u00f3 nadie, ni sucedi\u00f3 otro tipo de desgracia.<strong> Alonso se fue de viaje a Valencia y yo<\/strong>, que aunque me meto mucho con \u00e9l y sus histerias, en el fondo le tengo cari\u00f1o, <strong>me puse triste<\/strong>. Me fui a dar una vuelta a la feria, ve\u00eda su amado juego de camellos, y me daba pena.<\/p>\n<p><strong>Este viernes no me ha fallado<\/strong>. Me bajar\u00e9 del bus dormida, s\u00ed, <strong>me montar\u00e9 en el coche y me volver\u00e9 a dormir<\/strong>, haremos la entrevista y me costar\u00e1 mantenerme despierta, <strong>pero en cuanto empecemos a so\u00f1ar con grabaciones de<a href=\"http:\/\/www.hoy.es\/videos\/a-fondo\/caceres-insolita\/\" target=\"_blank\"> C\u00e1ceres Ins\u00f3lita<\/a><\/strong> y nos imaginemos dentro de unos a\u00f1os como si fu\u00e9ramos Callejeros, aunque sean ilusiones, <strong>yo me olvidar\u00e9 de las oclusivas y las alveolares<\/strong>, mi cara recuperar\u00e1 su natural sonrisa y empezar\u00e9 con fuerzas otra dura semana de auto-represi\u00f3n en casa.<\/p>\n<p>&nbsp;<\/p>\n<!-- AddThis Advanced Settings generic via filter on the_content --><!-- AddThis Share Buttons generic via filter on the_content -->","protected":false},"excerpt":{"rendered":"<p>Hace una semana lleg\u00f3 ese momento del a\u00f1o en el que los estudiantes despreocupados durante todo el curso nos agobiamos, nos encerramos en casa y sufrimos. Esos d\u00edas en los que aquellos que pasamos de coger apuntes durante todo el curso nos vemos buscando en \u00a0nuestra lista de contactos, acechando las afueras de la facultad, [&hellip;]<!-- AddThis Advanced Settings generic via filter on get_the_excerpt --><!-- AddThis Share Buttons generic via filter on get_the_excerpt --><\/p>\n","protected":false},"author":45,"featured_media":0,"comment_status":"open","ping_status":"closed","sticky":false,"template":"","format":"standard","meta":[],"categories":[3],"tags":[182,582,1597,1719,2204,2321,2399,2948,4297],"_links":{"self":[{"href":"https:\/\/blogs.hoy.es\/solitaencaceres\/wp-json\/wp\/v2\/posts\/68"}],"collection":[{"href":"https:\/\/blogs.hoy.es\/solitaencaceres\/wp-json\/wp\/v2\/posts"}],"about":[{"href":"https:\/\/blogs.hoy.es\/solitaencaceres\/wp-json\/wp\/v2\/types\/post"}],"author":[{"embeddable":true,"href":"https:\/\/blogs.hoy.es\/solitaencaceres\/wp-json\/wp\/v2\/users\/45"}],"replies":[{"embeddable":true,"href":"https:\/\/blogs.hoy.es\/solitaencaceres\/wp-json\/wp\/v2\/comments?post=68"}],"version-history":[{"count":0,"href":"https:\/\/blogs.hoy.es\/solitaencaceres\/wp-json\/wp\/v2\/posts\/68\/revisions"}],"wp:attachment":[{"href":"https:\/\/blogs.hoy.es\/solitaencaceres\/wp-json\/wp\/v2\/media?parent=68"}],"wp:term":[{"taxonomy":"category","embeddable":true,"href":"https:\/\/blogs.hoy.es\/solitaencaceres\/wp-json\/wp\/v2\/categories?post=68"},{"taxonomy":"post_tag","embeddable":true,"href":"https:\/\/blogs.hoy.es\/solitaencaceres\/wp-json\/wp\/v2\/tags?post=68"}],"curies":[{"name":"wp","href":"https:\/\/api.w.org\/{rel}","templated":true}]}}