{"id":697,"date":"2013-07-29T09:00:53","date_gmt":"2013-07-29T09:00:53","guid":{"rendered":"http:\/\/blogs.hoy.es\/solitaencaceres\/?p=697"},"modified":"2013-07-29T09:00:53","modified_gmt":"2013-07-29T09:00:53","slug":"caceres-en-verano-no-esta-tan-mal","status":"publish","type":"post","link":"https:\/\/blogs.hoy.es\/solitaencaceres\/2013\/07\/29\/caceres-en-verano-no-esta-tan-mal\/","title":{"rendered":"C\u00e1ceres en verano no est\u00e1 tan mal"},"content":{"rendered":"<p style=\"text-align: center;\"><a href=\"\/solitaencaceres\/wp-content\/uploads\/sites\/41\/2013\/07\/Concierto-de-la-Orquesta-de-Extremadura.jpg\"><img loading=\"lazy\" class=\"aligncenter  wp-image-698\" title=\"Concierto de la Orquesta de Extremadura\" src=\"\/solitaencaceres\/wp-content\/uploads\/sites\/41\/2013\/07\/Concierto-de-la-Orquesta-de-Extremadura.jpg\" alt=\"\" width=\"556\" height=\"360\" srcset=\"https:\/\/static-blogs.hoy.es\/wp-content\/uploads\/sites\/41\/2013\/07\/Concierto-de-la-Orquesta-de-Extremadura.jpg 927w, https:\/\/static-blogs.hoy.es\/wp-content\/uploads\/sites\/41\/2013\/07\/Concierto-de-la-Orquesta-de-Extremadura-300x194.jpg 300w, https:\/\/static-blogs.hoy.es\/wp-content\/uploads\/sites\/41\/2013\/07\/Concierto-de-la-Orquesta-de-Extremadura-768x497.jpg 768w\" sizes=\"(max-width: 556px) 100vw, 556px\" \/><\/a><\/p>\n<p>Cuando comento en alguna conversaci\u00f3n que <strong>mi verano lo pasar\u00e9 en C\u00e1ceres<\/strong>, normalmente me dicen que me voy a morir del aburrimiento, que <strong>C\u00e1ceres est\u00e1 muerto.<\/strong> Y yo entiendo que para <strong>un cacere\u00f1o de toda la vida, pasar un verano en su ciudad sea como para m\u00ed pasarlo en mi pueblo,<\/strong> a pesar de que dicen que los \u00e1mbitos rurales vienen bien para desconectar.<\/p>\n<p>Lo cierto es que s\u00ed que veo menos gente por las calles, que <strong>en las discotecas por la noche se echa en falta las masas de universitarios con sus barriladas,<\/strong> que hasta es mucho m\u00e1s f\u00e1cil encontrar aparcamiento por el centro&#8230; Pero para quienes nos gusta<strong> la vida cultural, ir a ver pel\u00edculas al aire libre, conciertos, dosis de humor&#8230; C\u00e1ceres no est\u00e1 tan mal.<\/strong><\/p>\n<p>A m\u00ed esta semana se me ha pasado volando, casi todos los d\u00edas cuando iba cayendo el sol, que es a la hora que apetece salir de casa, ten\u00eda un plan interesante, empezando por ver por primera vez en mi vida a la <strong>Orquesta de Extremadura en la Plaza Mayor,<\/strong> pasando por ir al <strong>cine al aire libre del auditorio del Parque del Pr\u00edncipe<\/strong>, al que pienso volver esta semana que entra para ayudar al<strong> banco de alimentos,<\/strong> ya que la semana pasada muchos no sab\u00edamos que hab\u00eda que aportar comida para entrar, siguiendo el viernes con el <strong>concierto gratuito del grupo Las migas en el jard\u00edn del Museo Pedrilla,<\/strong> donde las componentes se ganaron al p\u00fablico, porque de all\u00ed no se mov\u00eda nadie, y terminando anoche con<strong> Kabubi en el Corral de las cig\u00fce\u00f1as<\/strong>, que se gan\u00f3 mi coraz\u00f3n haci\u00e9ndome re\u00edr como hac\u00eda mucho que nadie lo consegu\u00eda.<\/p>\n<p>No s\u00e9 si ahora que entra agosto, tal vez s\u00ed que no haya nada para divertirse. Yo, si todas las semanas disfruto como esta, <strong>cuando llegue septiembre y eche la vista atr\u00e1s, me dar\u00e9 cuenta de que he pasado un verano incre\u00edble.<\/strong> Y ya si por fin me sale trabajo, no puedo pedir m\u00e1s.<\/p>\n<!-- AddThis Advanced Settings generic via filter on the_content --><!-- AddThis Share Buttons generic via filter on the_content -->","protected":false},"excerpt":{"rendered":"<p>Cuando comento en alguna conversaci\u00f3n que mi verano lo pasar\u00e9 en C\u00e1ceres, normalmente me dicen que me voy a morir del aburrimiento, que C\u00e1ceres est\u00e1 muerto. Y yo entiendo que para un cacere\u00f1o de toda la vida, pasar un verano en su ciudad sea como para m\u00ed pasarlo en mi pueblo, a pesar de que [&hellip;]<!-- AddThis Advanced Settings generic via filter on get_the_excerpt --><!-- AddThis Share Buttons generic via filter on get_the_excerpt --><\/p>\n","protected":false},"author":45,"featured_media":0,"comment_status":"open","ping_status":"closed","sticky":false,"template":"","format":"standard","meta":[],"categories":[3],"tags":[69,117,140,190,328,380,409,575,577,885,894,1002,1058,1267,2169,2234,2329,2822,2989,3144,3289,3447,4195,4247,4273],"_links":{"self":[{"href":"https:\/\/blogs.hoy.es\/solitaencaceres\/wp-json\/wp\/v2\/posts\/697"}],"collection":[{"href":"https:\/\/blogs.hoy.es\/solitaencaceres\/wp-json\/wp\/v2\/posts"}],"about":[{"href":"https:\/\/blogs.hoy.es\/solitaencaceres\/wp-json\/wp\/v2\/types\/post"}],"author":[{"embeddable":true,"href":"https:\/\/blogs.hoy.es\/solitaencaceres\/wp-json\/wp\/v2\/users\/45"}],"replies":[{"embeddable":true,"href":"https:\/\/blogs.hoy.es\/solitaencaceres\/wp-json\/wp\/v2\/comments?post=697"}],"version-history":[{"count":0,"href":"https:\/\/blogs.hoy.es\/solitaencaceres\/wp-json\/wp\/v2\/posts\/697\/revisions"}],"wp:attachment":[{"href":"https:\/\/blogs.hoy.es\/solitaencaceres\/wp-json\/wp\/v2\/media?parent=697"}],"wp:term":[{"taxonomy":"category","embeddable":true,"href":"https:\/\/blogs.hoy.es\/solitaencaceres\/wp-json\/wp\/v2\/categories?post=697"},{"taxonomy":"post_tag","embeddable":true,"href":"https:\/\/blogs.hoy.es\/solitaencaceres\/wp-json\/wp\/v2\/tags?post=697"}],"curies":[{"name":"wp","href":"https:\/\/api.w.org\/{rel}","templated":true}]}}