{"id":704,"date":"2013-08-03T12:45:19","date_gmt":"2013-08-03T12:45:19","guid":{"rendered":"http:\/\/blogs.hoy.es\/solitaencaceres\/?p=704"},"modified":"2013-08-03T12:45:19","modified_gmt":"2013-08-03T12:45:19","slug":"calzonas-cacheteras","status":"publish","type":"post","link":"https:\/\/blogs.hoy.es\/solitaencaceres\/2013\/08\/03\/calzonas-cacheteras\/","title":{"rendered":"Calzonas cacheteras"},"content":{"rendered":"<p style=\"text-align: center;\"><a href=\"\/solitaencaceres\/wp-content\/uploads\/sites\/41\/2013\/08\/Calzonas-cacheteras.png\"><img loading=\"lazy\" class=\"aligncenter  wp-image-705\" title=\"Calzonas cacheteras\" src=\"\/solitaencaceres\/wp-content\/uploads\/sites\/41\/2013\/08\/Calzonas-cacheteras.png\" alt=\"\" width=\"291\" height=\"274\" srcset=\"https:\/\/static-blogs.hoy.es\/wp-content\/uploads\/sites\/41\/2013\/08\/Calzonas-cacheteras.png 364w, https:\/\/static-blogs.hoy.es\/wp-content\/uploads\/sites\/41\/2013\/08\/Calzonas-cacheteras-300x283.png 300w\" sizes=\"(max-width: 291px) 100vw, 291px\" \/><\/a><\/p>\n<p>\u00daltimamente, <strong>las noches que salgo me siento vieja.<\/strong> Veo a las ni\u00f1as jovencitas con <strong>calzonas cortitas, apretadas y subidas hasta conseguir levantar bien las nalgas para estilizar su figura<\/strong> y no puedo dejar de pensar que si fueran hijas m\u00edas, <strong>no sal\u00edan as\u00ed de casa.<\/strong><\/p>\n<p>Cada d\u00eda me sorprende m\u00e1s <strong>el tama\u00f1o de las faldas y calzonas que fabrican, similares a un cintur\u00f3n.<\/strong> Y qu\u00e9 decir de la poca tela que tienen los vestidos, de lo transparentes que son \u00faltimamente, de <strong>los escotes que no es que dejen entrever, sino que muestran directamente&#8230;<\/strong> que yo algunas veces no s\u00e9 si me estoy poniendo la ropa al derecho o al rev\u00e9s, porque hay prendas tan ligeras como enrevesadas. Y de los zapatos mejor ya ni hablamos. <strong>Algunas en sus CV deber\u00edan poner que saben andar con zancos<\/strong>, que, \u00a0acostumbradas a utilizar <strong>tacones de 15 cm<\/strong> los s\u00e1bados por la noche, a lo mejor en las fiestas de los pueblos o en un circo podr\u00edan<strong> sacarse un dinero los meses de verano.<\/strong><\/p>\n<p>Miro a la gente de mi generaci\u00f3n y a las nuevas generaciones de chicas j\u00f3venes y se nota mucho el cambio. Como tambi\u00e9n le pasaba a mi madre conmigo. <strong>Cuando yo sal\u00eda hace unos a\u00f1os, ella me dec\u00eda que a d\u00f3nde iba con esas pintas, con esos vestidos tan cortos y con esos escotes.<\/strong> Yo, sin embargo, no ten\u00eda la sensaci\u00f3n de ir tan &#8216;despechugada&#8217;. Pero ahora he llegado a comprenderla.<\/p>\n<p>Creo que en el momento en el que empec\u00e9 a mirar al resto de chicas m\u00e1s j\u00f3venes que yo en las discotecas <strong>como a hijas indefensas presas de furtivos muchachos fuertes m\u00e1s que como rivales ante posibles ligues,<\/strong> empec\u00e9 a sentirme m\u00e1s vieja, m\u00e1s fuera de la honda juvenil. Y no s\u00e9 si deba volver a entrar en ella adapt\u00e1ndome a las costumbres de<strong> las nuevas modas<\/strong> o deba empezar a dar un paso al frente, darme cuenta de que en dos d\u00edas hago<strong> 21 a\u00f1os<\/strong>, y que la fase <strong>&#8216;Cuanta menos tela, mejor&#8217;, ya me ha pasado.\u00a0<\/strong><\/p>\n<!-- AddThis Advanced Settings generic via filter on the_content --><!-- AddThis Share Buttons generic via filter on the_content -->","protected":false},"excerpt":{"rendered":"<p>\u00daltimamente, las noches que salgo me siento vieja. Veo a las ni\u00f1as jovencitas con calzonas cortitas, apretadas y subidas hasta conseguir levantar bien las nalgas para estilizar su figura y no puedo dejar de pensar que si fueran hijas m\u00edas, no sal\u00edan as\u00ed de casa. Cada d\u00eda me sorprende m\u00e1s el tama\u00f1o de las faldas [&hellip;]<!-- AddThis Advanced Settings generic via filter on get_the_excerpt --><!-- AddThis Share Buttons generic via filter on get_the_excerpt --><\/p>\n","protected":false},"author":45,"featured_media":0,"comment_status":"open","ping_status":"closed","sticky":false,"template":"","format":"standard","meta":[],"categories":[3],"tags":[633,634,887,889,1147,1267,1495,1636,1679,1997,2021,2197,2642,2785,2834,2860,2889,2926,3369,3448,3904,4257,4283,4352,4355],"_links":{"self":[{"href":"https:\/\/blogs.hoy.es\/solitaencaceres\/wp-json\/wp\/v2\/posts\/704"}],"collection":[{"href":"https:\/\/blogs.hoy.es\/solitaencaceres\/wp-json\/wp\/v2\/posts"}],"about":[{"href":"https:\/\/blogs.hoy.es\/solitaencaceres\/wp-json\/wp\/v2\/types\/post"}],"author":[{"embeddable":true,"href":"https:\/\/blogs.hoy.es\/solitaencaceres\/wp-json\/wp\/v2\/users\/45"}],"replies":[{"embeddable":true,"href":"https:\/\/blogs.hoy.es\/solitaencaceres\/wp-json\/wp\/v2\/comments?post=704"}],"version-history":[{"count":0,"href":"https:\/\/blogs.hoy.es\/solitaencaceres\/wp-json\/wp\/v2\/posts\/704\/revisions"}],"wp:attachment":[{"href":"https:\/\/blogs.hoy.es\/solitaencaceres\/wp-json\/wp\/v2\/media?parent=704"}],"wp:term":[{"taxonomy":"category","embeddable":true,"href":"https:\/\/blogs.hoy.es\/solitaencaceres\/wp-json\/wp\/v2\/categories?post=704"},{"taxonomy":"post_tag","embeddable":true,"href":"https:\/\/blogs.hoy.es\/solitaencaceres\/wp-json\/wp\/v2\/tags?post=704"}],"curies":[{"name":"wp","href":"https:\/\/api.w.org\/{rel}","templated":true}]}}