{"id":71,"date":"2012-06-11T00:28:56","date_gmt":"2012-06-11T00:28:56","guid":{"rendered":"http:\/\/blogs.hoy.es\/solitaencaceres\/?p=71"},"modified":"2012-06-11T00:28:56","modified_gmt":"2012-06-11T00:28:56","slug":"este-martes-tengo-cita","status":"publish","type":"post","link":"https:\/\/blogs.hoy.es\/solitaencaceres\/2012\/06\/11\/este-martes-tengo-cita\/","title":{"rendered":"Este martes tengo cita"},"content":{"rendered":"<p><strong>Este martes he quedado con un chico<\/strong>. Hace mucho que no tengo una cita y estoy un poco nerviosa. Apenas tengo tiempo libre y mantener una relaci\u00f3n conmigo no es f\u00e1cil.<\/p>\n<p><strong>Mis \u201camigos\u201d se ponen celosos de Alonso de la Torre<\/strong>. Es dif\u00edcil entender que pase tanto tiempo con \u00e9l, pero quien quiera estar a mi lado debe comprender que <strong>Alonso est\u00e1 por encima de todo el mundo<\/strong>. Es como si fuera mi abuela, mi madre, mi hermana mayor, mi mejor amiga\u2026 es todo en uno, bueno, mejor dicho en una. Lo identifico con figuras femeninas porque <strong>solemos hablar de \u201ccosas de chicas\u201d<\/strong>.<\/p>\n<p>Alonso es de esas personas que cuando estoy enferma me cuida, me obliga a tomar pastillas, a ir al m\u00e9dico e incluso cuando me lesiono me lleva \u00e9l mismo a urgencias. Si me duele una muela, avisa de que llegamos tarde a la entrevista y hasta que no se me ha pasado un poco el dolor, no hace su labor. Cuando he tenido alguna \u201cnoche loca\u201d, si me ha tenido que prevenir de un posible embarazo, lo ha hecho.<\/p>\n<p>Alonso se podr\u00eda decir que <strong>es mi \u00e1ngel de la guarda<\/strong>. Creo que nunca voy a encontrar a una persona que se porte tan bien conmigo, y eso mis pretendientes no lo entienden, lo ven como a un rival a batir.<\/p>\n<p style=\"text-align: center;\"><a href=\"\/solitaencaceres\/wp-content\/uploads\/sites\/41\/2012\/06\/Captura1.png\"><img loading=\"lazy\" class=\"aligncenter size-full wp-image-72\" title=\"Carolina\" src=\"\/solitaencaceres\/wp-content\/uploads\/sites\/41\/2012\/06\/Captura1.png\" alt=\"\" width=\"576\" height=\"433\" srcset=\"https:\/\/static-blogs.hoy.es\/wp-content\/uploads\/sites\/41\/2012\/06\/Captura1.png 823w, https:\/\/static-blogs.hoy.es\/wp-content\/uploads\/sites\/41\/2012\/06\/Captura1-300x226.png 300w, https:\/\/static-blogs.hoy.es\/wp-content\/uploads\/sites\/41\/2012\/06\/Captura1-768x578.png 768w\" sizes=\"(max-width: 576px) 100vw, 576px\" \/><\/a><\/p>\n<p>Tengo mucho miedo a este martes. \u00bfC\u00f3mo se le explica a un chico, que apenas vas a poder quedar con \u00e9l por las tardes porque estar\u00e1s grabando C\u00e1ceres Ins\u00f3lita o Mira qui\u00e9n Habla con un se\u00f1or que sale en el peri\u00f3dico y la televisi\u00f3n? <strong>Al principio parece guay<\/strong>. Todos piensan: \u00a1Joder, mi novia es importante! Pero a los dos d\u00edas se dan cuenta de que su novia pasa de ellos, que le dan toques al m\u00f3vil y ella lo tiene apagado para que no provoque interferencias en el sonido de la c\u00e1mara.<\/p>\n<p>Yo creo que <strong>Alonso est\u00e1 contento de que no tenga novio<\/strong>. As\u00ed tenemos m\u00e1s libertad a la hora de grabar. Y tiene raz\u00f3n, porque ir a grabar fiestas o ferias y cargar con un novio a la espalda debe de ser complicado. Nosotros, <strong>al terminar el v\u00eddeo<\/strong>, siempre tomamos una Coca cola o, ya que llega la \u00e9poca, un almendrado, y comentamos los mejores momentos de la grabaci\u00f3n. Y <strong>es nuestro momento de relax<\/strong>, de contarnos nuestros problemas, de animarnos con el trabajo y la carrera y eso con un novio que nos impidiera tener confidencias ser\u00eda imposible.<\/p>\n<p>La verdad es que no estoy convencida de querer que salga bien la cita del martes. Y creo que Alonso tampoco.<\/p>\n<!-- AddThis Advanced Settings generic via filter on the_content --><!-- AddThis Share Buttons generic via filter on the_content -->","protected":false},"excerpt":{"rendered":"<p>Este martes he quedado con un chico. Hace mucho que no tengo una cita y estoy un poco nerviosa. Apenas tengo tiempo libre y mantener una relaci\u00f3n conmigo no es f\u00e1cil. Mis \u201camigos\u201d se ponen celosos de Alonso de la Torre. Es dif\u00edcil entender que pase tanto tiempo con \u00e9l, pero quien quiera estar a [&hellip;]<!-- AddThis Advanced Settings generic via filter on get_the_excerpt --><!-- AddThis Share Buttons generic via filter on get_the_excerpt --><\/p>\n","protected":false},"author":45,"featured_media":0,"comment_status":"open","ping_status":"closed","sticky":false,"template":"","format":"standard","meta":[],"categories":[3],"tags":[],"_links":{"self":[{"href":"https:\/\/blogs.hoy.es\/solitaencaceres\/wp-json\/wp\/v2\/posts\/71"}],"collection":[{"href":"https:\/\/blogs.hoy.es\/solitaencaceres\/wp-json\/wp\/v2\/posts"}],"about":[{"href":"https:\/\/blogs.hoy.es\/solitaencaceres\/wp-json\/wp\/v2\/types\/post"}],"author":[{"embeddable":true,"href":"https:\/\/blogs.hoy.es\/solitaencaceres\/wp-json\/wp\/v2\/users\/45"}],"replies":[{"embeddable":true,"href":"https:\/\/blogs.hoy.es\/solitaencaceres\/wp-json\/wp\/v2\/comments?post=71"}],"version-history":[{"count":0,"href":"https:\/\/blogs.hoy.es\/solitaencaceres\/wp-json\/wp\/v2\/posts\/71\/revisions"}],"wp:attachment":[{"href":"https:\/\/blogs.hoy.es\/solitaencaceres\/wp-json\/wp\/v2\/media?parent=71"}],"wp:term":[{"taxonomy":"category","embeddable":true,"href":"https:\/\/blogs.hoy.es\/solitaencaceres\/wp-json\/wp\/v2\/categories?post=71"},{"taxonomy":"post_tag","embeddable":true,"href":"https:\/\/blogs.hoy.es\/solitaencaceres\/wp-json\/wp\/v2\/tags?post=71"}],"curies":[{"name":"wp","href":"https:\/\/api.w.org\/{rel}","templated":true}]}}