{"id":717,"date":"2013-08-28T09:59:03","date_gmt":"2013-08-28T09:59:03","guid":{"rendered":"http:\/\/blogs.hoy.es\/solitaencaceres\/?p=717"},"modified":"2013-08-28T09:59:03","modified_gmt":"2013-08-28T09:59:03","slug":"primark-y-la-pedanteria","status":"publish","type":"post","link":"https:\/\/blogs.hoy.es\/solitaencaceres\/2013\/08\/28\/primark-y-la-pedanteria\/","title":{"rendered":"Primark y la pedanter\u00eda"},"content":{"rendered":"<p style=\"text-align: center;\"><a href=\"\/solitaencaceres\/wp-content\/uploads\/sites\/41\/2013\/08\/Primark.jpg\"><img loading=\"lazy\" class=\"aligncenter  wp-image-718\" title=\"Primark\" src=\"\/solitaencaceres\/wp-content\/uploads\/sites\/41\/2013\/08\/Primark.jpg\" alt=\"\" width=\"400\" height=\"266\" srcset=\"https:\/\/static-blogs.hoy.es\/wp-content\/uploads\/sites\/41\/2013\/08\/Primark.jpg 500w, https:\/\/static-blogs.hoy.es\/wp-content\/uploads\/sites\/41\/2013\/08\/Primark-300x200.jpg 300w\" sizes=\"(max-width: 400px) 100vw, 400px\" \/><\/a><\/p>\n<p>Cuando digo que voy a ir de compras a <strong>Primark<\/strong> y lo pronuncio de <strong>manera inglesa,<\/strong> la gente de mi alrededor se me queda mirando con cara extra\u00f1a, como diciendo:<strong> &#8220;\u00bfDe qu\u00e9 va la pedante esta?&#8221;<\/strong>. No soy de ese tipo de personas que va por la vida alardeando de buena pronunciaci\u00f3n, hasta el punto que los programas inform\u00e1ticos que utilizo, por mucho que sepa c\u00f3mo se nombran, intento decirlos como se leen en nuestro idioma, entre otras razones <strong>por miedo y verg\u00fcenza a que se r\u00eda de m\u00ed quien me oye.<\/strong><\/p>\n<p><strong>Yo descubr\u00ed Primark en Londres.<\/strong> Era esa gran tienda que ocupaba la mitad del centro comercial que sol\u00edamos visitar en los ratos libres. Me alucinaron sus precios desde el primer d\u00eda, hasta tal extremo\u00a0 de que creo <strong>que si no lo hubiese descubierto, hubiera aprovechado m\u00e1s el tiempo para hacer vida cultural.<\/strong> All\u00ed, a pesar de que la mayor\u00eda de los dependientes eran espa\u00f1oles,<strong> nadie dec\u00eda Primark de forma castellanizada<\/strong>, y aunque solo fuese de escuchar su pronunciaci\u00f3n verdadera tantas veces, ahora no soy capaz de decirlo mal.<\/p>\n<p>En este sentido, <strong>con Fnac me pasa lo mismo, pero a la inversa.<\/strong> Las personas que est\u00e1n acostumbradas a vivir en ciudades donde hay estas tiendas, suelen pronunciarlo de manera inglesa, pero yo, que voy muy de vez en cuando por alguno de <strong>Sevilla o Madrid<\/strong>, me siento pedante si lo pronuncio bien, al igual que <strong>me sent\u00eda est\u00fapida diciendo &#8216;Breska&#8217; cuando era la moda en el instituto pronunciarlo as\u00ed.<\/strong> Y es que sabes que digas como lo digas, o dependiendo de con qui\u00e9n converses, si quieren re\u00edrse de ti, vas a pon\u00e9rselo en bandeja. Luego dir\u00e1n que los espa\u00f1oles no nos soltamos hablando en ingl\u00e9s. <strong>Una ya no sabe ni cu\u00e1ndo tiene que pronunciar mal o bien.\u00a0<\/strong><\/p>\n<!-- AddThis Advanced Settings generic via filter on the_content --><!-- AddThis Share Buttons generic via filter on the_content -->","protected":false},"excerpt":{"rendered":"<p>Cuando digo que voy a ir de compras a Primark y lo pronuncio de manera inglesa, la gente de mi alrededor se me queda mirando con cara extra\u00f1a, como diciendo: &#8220;\u00bfDe qu\u00e9 va la pedante esta?&#8221;. No soy de ese tipo de personas que va por la vida alardeando de buena pronunciaci\u00f3n, hasta el punto [&hellip;]<!-- AddThis Advanced Settings generic via filter on get_the_excerpt --><!-- AddThis Share Buttons generic via filter on get_the_excerpt --><\/p>\n","protected":false},"author":45,"featured_media":0,"comment_status":"open","ping_status":"closed","sticky":false,"template":"","format":"standard","meta":[],"categories":[3],"tags":[523,729,800,1515,1713,2066,2117,2434,2485,3134,3135,3384,3423,3428,3771,3834,4252],"_links":{"self":[{"href":"https:\/\/blogs.hoy.es\/solitaencaceres\/wp-json\/wp\/v2\/posts\/717"}],"collection":[{"href":"https:\/\/blogs.hoy.es\/solitaencaceres\/wp-json\/wp\/v2\/posts"}],"about":[{"href":"https:\/\/blogs.hoy.es\/solitaencaceres\/wp-json\/wp\/v2\/types\/post"}],"author":[{"embeddable":true,"href":"https:\/\/blogs.hoy.es\/solitaencaceres\/wp-json\/wp\/v2\/users\/45"}],"replies":[{"embeddable":true,"href":"https:\/\/blogs.hoy.es\/solitaencaceres\/wp-json\/wp\/v2\/comments?post=717"}],"version-history":[{"count":0,"href":"https:\/\/blogs.hoy.es\/solitaencaceres\/wp-json\/wp\/v2\/posts\/717\/revisions"}],"wp:attachment":[{"href":"https:\/\/blogs.hoy.es\/solitaencaceres\/wp-json\/wp\/v2\/media?parent=717"}],"wp:term":[{"taxonomy":"category","embeddable":true,"href":"https:\/\/blogs.hoy.es\/solitaencaceres\/wp-json\/wp\/v2\/categories?post=717"},{"taxonomy":"post_tag","embeddable":true,"href":"https:\/\/blogs.hoy.es\/solitaencaceres\/wp-json\/wp\/v2\/tags?post=717"}],"curies":[{"name":"wp","href":"https:\/\/api.w.org\/{rel}","templated":true}]}}