{"id":720,"date":"2013-08-30T14:38:20","date_gmt":"2013-08-30T14:38:20","guid":{"rendered":"http:\/\/blogs.hoy.es\/solitaencaceres\/?p=720"},"modified":"2013-08-30T14:38:20","modified_gmt":"2013-08-30T14:38:20","slug":"el-ciclismo-y-la-comida","status":"publish","type":"post","link":"https:\/\/blogs.hoy.es\/solitaencaceres\/2013\/08\/30\/el-ciclismo-y-la-comida\/","title":{"rendered":"El ciclismo y la comida"},"content":{"rendered":"<p style=\"text-align: center;\"><a href=\"\/solitaencaceres\/wp-content\/uploads\/sites\/41\/2013\/08\/Vuelta-ciclista-2.jpg\"><img loading=\"lazy\" class=\"aligncenter  wp-image-721\" title=\"Vuelta ciclista a Espa\u00f1a\" src=\"\/solitaencaceres\/wp-content\/uploads\/sites\/41\/2013\/08\/Vuelta-ciclista-2.jpg\" alt=\"\" width=\"501\" height=\"310\" srcset=\"https:\/\/static-blogs.hoy.es\/wp-content\/uploads\/sites\/41\/2013\/08\/Vuelta-ciclista-2.jpg 928w, https:\/\/static-blogs.hoy.es\/wp-content\/uploads\/sites\/41\/2013\/08\/Vuelta-ciclista-2-300x186.jpg 300w, https:\/\/static-blogs.hoy.es\/wp-content\/uploads\/sites\/41\/2013\/08\/Vuelta-ciclista-2-768x475.jpg 768w\" sizes=\"(max-width: 501px) 100vw, 501px\" \/><\/a><\/p>\n<p>De los dos eventos relacionados con el ciclismo a los que he asistido como p\u00fablico a lo largo de mi vida, <strong>la final del Tour de Francia,<\/strong> hace unos a\u00f1os, y el paso de la <strong>Vuelta Ciclista a Espa\u00f1a ayer por C\u00e1ceres,<\/strong> los recuerdos que me quedan no son haber visto a grandes ciclistas en persona ni estar horas al sol para coger un buen sitio, sino que lo mejor de todo para m\u00ed, era <strong>el momento de alimentarse.<\/strong><\/p>\n<p><a href=\"\/solitaencaceres\/wp-content\/uploads\/sites\/41\/2013\/08\/Tony-Martin.jpg\"><img loading=\"lazy\" class=\" wp-image-723 alignleft\" title=\"Tony Martin\" src=\"\/solitaencaceres\/wp-content\/uploads\/sites\/41\/2013\/08\/Tony-Martin.jpg\" alt=\"\" width=\"327\" height=\"227\" srcset=\"https:\/\/static-blogs.hoy.es\/wp-content\/uploads\/sites\/41\/2013\/08\/Tony-Martin.jpg 785w, https:\/\/static-blogs.hoy.es\/wp-content\/uploads\/sites\/41\/2013\/08\/Tony-Martin-300x208.jpg 300w, https:\/\/static-blogs.hoy.es\/wp-content\/uploads\/sites\/41\/2013\/08\/Tony-Martin-768x533.jpg 768w\" sizes=\"(max-width: 327px) 100vw, 327px\" \/><\/a>\u00a0 Desde que fui a ver el Tour, los a\u00f1os posteriores cuando lo veo en la televisi\u00f3n, se me viene a la mente un flashazo con una imagen:<strong> sentada en el banco de espera de un autob\u00fas comiendo una\u00a0 pizza<\/strong> que hab\u00eda comprado muy barata en una de las calles perpendiculares a los <strong>Campos El\u00edseos.<\/strong> Recuerdo que ese d\u00eda estaban todos los restaurantes a reventar, hab\u00eda colas muy grandes para coger una mesa, y en <strong>un puestino ambulante que ten\u00eda pinta de ser ilegal,<\/strong> montado encima de unas cajas de cart\u00f3n, compr\u00e9 una de las pizzas m\u00e1s simples y que m\u00e1s a gloria me ha sabido en mi vida, hasta el punto que cuando sale en una conversaci\u00f3n el Tour,<strong> no cuento c\u00f3mo vi a lo lejos pasar a Contador entre un tumulto de cabezas, sino lo bien que me aliment\u00e9 sentada en el banco de espera de un autob\u00fas.<\/strong><\/p>\n<p>&nbsp;<\/p>\n<p><strong><a href=\"\/solitaencaceres\/wp-content\/uploads\/sites\/41\/2013\/08\/Comiendo-paella.png\"><img loading=\"lazy\" class=\"alignright  wp-image-722\" title=\"Comiendo paella\" src=\"\/solitaencaceres\/wp-content\/uploads\/sites\/41\/2013\/08\/Comiendo-paella.png\" alt=\"\" width=\"432\" height=\"230\" srcset=\"https:\/\/static-blogs.hoy.es\/wp-content\/uploads\/sites\/41\/2013\/08\/Comiendo-paella.png 900w, https:\/\/static-blogs.hoy.es\/wp-content\/uploads\/sites\/41\/2013\/08\/Comiendo-paella-300x160.png 300w, https:\/\/static-blogs.hoy.es\/wp-content\/uploads\/sites\/41\/2013\/08\/Comiendo-paella-768x410.png 768w\" sizes=\"(max-width: 432px) 100vw, 432px\" \/><\/a><\/strong><\/p>\n<p>Con La vuelta, me ha pasado lo mismo, pero a mayor escala. Cuando pensaba que<strong> no pod\u00eda haber nada mejor que comer el d\u00eda antes paella gratis en las inmediaciones del Carrefour<\/strong> e hincharse a muestras de caf\u00e9s, cervezas, bollitos de chocolate&#8230; van y ponen despu\u00e9s de la vuelta<strong> degustaciones de queso de la Serena y jam\u00f3n en C\u00e1novas.<\/strong> S\u00ed, tuve extra\u00f1as sensaciones, porque me vi como prototipo de lo que nunca me ha gustado: <strong>viejecinas que se ponen alrededor de los puestos y se ponen hasta arriba de comer<\/strong>. As\u00ed estaba yo ayer, merodeando por cada stand disfrutando de <strong>los mejores productos extreme\u00f1os<\/strong>. As\u00ed, a qui\u00e9n le va a interesar recordar en conversaciones despu\u00e9s <strong>c\u00f3mo adelantaron a Tony Martin en el \u00faltimo metro.\u00a0<\/strong><\/p>\n<!-- AddThis Advanced Settings generic via filter on the_content --><!-- AddThis Share Buttons generic via filter on the_content -->","protected":false},"excerpt":{"rendered":"<p>De los dos eventos relacionados con el ciclismo a los que he asistido como p\u00fablico a lo largo de mi vida, la final del Tour de Francia, hace unos a\u00f1os, y el paso de la Vuelta Ciclista a Espa\u00f1a ayer por C\u00e1ceres, los recuerdos que me quedan no son haber visto a grandes ciclistas en [&hellip;]<!-- AddThis Advanced Settings generic via filter on get_the_excerpt --><!-- AddThis Share Buttons generic via filter on get_the_excerpt --><\/p>\n","protected":false},"author":45,"featured_media":0,"comment_status":"open","ping_status":"closed","sticky":false,"template":"","format":"standard","meta":[],"categories":[3],"tags":[492,577,595,667,689,738,815,870,871,1036,1587,2167,3009,3254,3409,3476,4045,4067,4068,4322],"_links":{"self":[{"href":"https:\/\/blogs.hoy.es\/solitaencaceres\/wp-json\/wp\/v2\/posts\/720"}],"collection":[{"href":"https:\/\/blogs.hoy.es\/solitaencaceres\/wp-json\/wp\/v2\/posts"}],"about":[{"href":"https:\/\/blogs.hoy.es\/solitaencaceres\/wp-json\/wp\/v2\/types\/post"}],"author":[{"embeddable":true,"href":"https:\/\/blogs.hoy.es\/solitaencaceres\/wp-json\/wp\/v2\/users\/45"}],"replies":[{"embeddable":true,"href":"https:\/\/blogs.hoy.es\/solitaencaceres\/wp-json\/wp\/v2\/comments?post=720"}],"version-history":[{"count":0,"href":"https:\/\/blogs.hoy.es\/solitaencaceres\/wp-json\/wp\/v2\/posts\/720\/revisions"}],"wp:attachment":[{"href":"https:\/\/blogs.hoy.es\/solitaencaceres\/wp-json\/wp\/v2\/media?parent=720"}],"wp:term":[{"taxonomy":"category","embeddable":true,"href":"https:\/\/blogs.hoy.es\/solitaencaceres\/wp-json\/wp\/v2\/categories?post=720"},{"taxonomy":"post_tag","embeddable":true,"href":"https:\/\/blogs.hoy.es\/solitaencaceres\/wp-json\/wp\/v2\/tags?post=720"}],"curies":[{"name":"wp","href":"https:\/\/api.w.org\/{rel}","templated":true}]}}