{"id":738,"date":"2013-09-15T10:06:20","date_gmt":"2013-09-15T10:06:20","guid":{"rendered":"http:\/\/blogs.hoy.es\/solitaencaceres\/?p=738"},"modified":"2013-09-15T10:06:20","modified_gmt":"2013-09-15T10:06:20","slug":"bolonia-menos-profundizar-y-atarearse-mas","status":"publish","type":"post","link":"https:\/\/blogs.hoy.es\/solitaencaceres\/2013\/09\/15\/bolonia-menos-profundizar-y-atarearse-mas\/","title":{"rendered":"Bolonia: menos profundizar y atarearse m\u00e1s"},"content":{"rendered":"<p style=\"text-align: center;\"><a href=\"\/solitaencaceres\/wp-content\/uploads\/sites\/41\/2013\/09\/plan_bolonia.jpg\"><img loading=\"lazy\" class=\"aligncenter  wp-image-739\" title=\"plan_bolonia\" src=\"\/solitaencaceres\/wp-content\/uploads\/sites\/41\/2013\/09\/plan_bolonia.jpg\" alt=\"\" width=\"438\" height=\"294\" srcset=\"https:\/\/static-blogs.hoy.es\/wp-content\/uploads\/sites\/41\/2013\/09\/plan_bolonia.jpg 812w, https:\/\/static-blogs.hoy.es\/wp-content\/uploads\/sites\/41\/2013\/09\/plan_bolonia-300x201.jpg 300w, https:\/\/static-blogs.hoy.es\/wp-content\/uploads\/sites\/41\/2013\/09\/plan_bolonia-768x515.jpg 768w\" sizes=\"(max-width: 438px) 100vw, 438px\" \/><\/a><\/p>\n<p>Hace unos a\u00f1os, cuando empezaron a realizarse <strong>las primeras manifestaciones y huelgas contra el Plan Bolonia<\/strong>, una chica de primero de Bachillerato, ajena a todo lo que era <strong>el mundo de la universidad<\/strong> (eso de los cr\u00e9ditos le sonaba m\u00e1s a cosa de bancos), ten\u00eda un papel ante sus ojos que deb\u00eda rellenar con las causas por las que <strong>su clase decid\u00eda ir a la huelga.<\/strong><\/p>\n<p>Esa chica era yo, la delegada de clase, <strong>la que iba a recoger las tizas cada ma\u00f1ana a reprograf\u00eda, la que se encargaba de hacer las fotocopias, \u00a0la que intentaba controlar que todo estuviese en orden.<\/strong> S\u00ed, tambi\u00e9n era la que utilizaba el &#8216;cargo&#8217; como excusa para escaparse de vez en cuando de alguna clase. Ya apuntaba maneras por entonces.<\/p>\n<p>Como no ten\u00eda ni idea de lo que era aquello del <strong>Plan Bolonia<\/strong>, me tocaba preguntarle a los profesores, no por inter\u00e9s personal, pues<strong> nunca cre\u00ed que terminar\u00eda estudiando en la universidad,<\/strong> sino por rellenar aquel papel que me llevaba por el camino de la amargura con las razones por las que \u00edbamos a la huelga. Si realmente hubiera tenido que decir las verdaderas causas, con un <strong>&#8216;queremos faltar un d\u00eda a clase, o los que sean&#8217;<\/strong>, hubiese quedado todo claro, pero no, hac\u00eda falta poner algo solvente.<\/p>\n<p>Nunca entend\u00ed, tras escuchar las razones por<strong> las que nos opon\u00edamos a Bolonia (Polonia lo llamamos alg\u00fan tiempo)<\/strong>, por qu\u00e9 \u00e9ramos contrarios a ese plan. La verdad es que yo creo que ni los que nos lo explicaban lo entend\u00edan. Pero ahora, cinco a\u00f1os despu\u00e9s, <strong>vivi\u00e9ndolo en primera persona,<\/strong> comprendo que nos alentaran a oponernos a \u00e9l.<\/p>\n<p>Lo que menos me gusta del <strong>Plan Bolonia<\/strong> es que, al obligarte a asistir a clases, no te permite trabajar, y eso, <strong>en \u00e9poca de crisis,<\/strong> donde la mayor\u00eda de los universitarios intentan <strong>alternar estudios y trabajo<\/strong> para poder sobrevivir, es contraproducente. Hace unos d\u00edas, yendo en el autob\u00fas de camino a la facultad, escuch\u00e9 a un chico comentarle a otro que <strong>este a\u00f1o para poder pagarse algunas asignaturas de la matr\u00edcula, iba a empezar a dar clases particulares a ni\u00f1os de secundaria por la tarde,<\/strong> <strong>porque al haber estado trabajando otros a\u00f1os por la ma\u00f1ana y asistir poco a clase, por falta de asistencia y por no enterarse de cuando ten\u00eda que entregar tareas, no le aprobaban.<\/strong><\/p>\n<p>Y es que esto de <strong>pertenecer a Bolonia y querer tener tiempo libre para ocuparlo en otras cosas, no es viable<\/strong>, <strong>como tampoco lo es saber un poco de todo y no ser expertos en nada.<\/strong> De hecho, lo veo <strong>el mayor error de Bolonia:<\/strong> asignaturas que antes se daban en un curso completo y que ahora se dan en un semestre, <strong>profundizando menos,<\/strong> dando el temario de manera m\u00e1s reducida, en algunos puntos pasando simplemente por encima,<strong> sin pararnos a estudiarlos m\u00e1s detenida y detalladamente.<\/strong><\/p>\n<p><strong> \u00a1Ay!, si esa muchachina de primero de Bachillerato hubiera podido rellenar las causas por las que se opon\u00eda a Bolonia ahora&#8230;<\/strong><\/p>\n<!-- AddThis Advanced Settings generic via filter on the_content --><!-- AddThis Share Buttons generic via filter on the_content -->","protected":false},"excerpt":{"rendered":"<p>Hace unos a\u00f1os, cuando empezaron a realizarse las primeras manifestaciones y huelgas contra el Plan Bolonia, una chica de primero de Bachillerato, ajena a todo lo que era el mundo de la universidad (eso de los cr\u00e9ditos le sonaba m\u00e1s a cosa de bancos), ten\u00eda un papel ante sus ojos que deb\u00eda rellenar con las [&hellip;]<!-- AddThis Advanced Settings generic via filter on get_the_excerpt --><!-- AddThis Share Buttons generic via filter on get_the_excerpt --><\/p>\n","protected":false},"author":45,"featured_media":0,"comment_status":"open","ping_status":"closed","sticky":false,"template":"","format":"standard","meta":[],"categories":[3],"tags":[311,314,365,382,780,900,905,1076,1084,1179,1570,1632,1638,1737,2044,2520,2576,3258,3314,3415,3416,3563,3746,3960,3997,4019,4070,4073,4191,4195],"_links":{"self":[{"href":"https:\/\/blogs.hoy.es\/solitaencaceres\/wp-json\/wp\/v2\/posts\/738"}],"collection":[{"href":"https:\/\/blogs.hoy.es\/solitaencaceres\/wp-json\/wp\/v2\/posts"}],"about":[{"href":"https:\/\/blogs.hoy.es\/solitaencaceres\/wp-json\/wp\/v2\/types\/post"}],"author":[{"embeddable":true,"href":"https:\/\/blogs.hoy.es\/solitaencaceres\/wp-json\/wp\/v2\/users\/45"}],"replies":[{"embeddable":true,"href":"https:\/\/blogs.hoy.es\/solitaencaceres\/wp-json\/wp\/v2\/comments?post=738"}],"version-history":[{"count":0,"href":"https:\/\/blogs.hoy.es\/solitaencaceres\/wp-json\/wp\/v2\/posts\/738\/revisions"}],"wp:attachment":[{"href":"https:\/\/blogs.hoy.es\/solitaencaceres\/wp-json\/wp\/v2\/media?parent=738"}],"wp:term":[{"taxonomy":"category","embeddable":true,"href":"https:\/\/blogs.hoy.es\/solitaencaceres\/wp-json\/wp\/v2\/categories?post=738"},{"taxonomy":"post_tag","embeddable":true,"href":"https:\/\/blogs.hoy.es\/solitaencaceres\/wp-json\/wp\/v2\/tags?post=738"}],"curies":[{"name":"wp","href":"https:\/\/api.w.org\/{rel}","templated":true}]}}