{"id":743,"date":"2013-09-20T09:03:54","date_gmt":"2013-09-20T09:03:54","guid":{"rendered":"http:\/\/blogs.hoy.es\/solitaencaceres\/?p=743"},"modified":"2013-09-20T09:03:54","modified_gmt":"2013-09-20T09:03:54","slug":"el-otono-me-vuelve-coqueta","status":"publish","type":"post","link":"https:\/\/blogs.hoy.es\/solitaencaceres\/2013\/09\/20\/el-otono-me-vuelve-coqueta\/","title":{"rendered":"El oto\u00f1o me vuelve coqueta"},"content":{"rendered":"<p style=\"text-align: center;\"><a href=\"\/solitaencaceres\/wp-content\/uploads\/sites\/41\/2013\/09\/Carol4.jpg\"><img loading=\"lazy\" class=\"aligncenter  wp-image-744\" title=\"Carol\" src=\"\/solitaencaceres\/wp-content\/uploads\/sites\/41\/2013\/09\/Carol4.jpg\" alt=\"\" width=\"259\" height=\"461\" srcset=\"https:\/\/static-blogs.hoy.es\/wp-content\/uploads\/sites\/41\/2013\/09\/Carol4.jpg 540w, https:\/\/static-blogs.hoy.es\/wp-content\/uploads\/sites\/41\/2013\/09\/Carol4-169x300.jpg 169w\" sizes=\"(max-width: 259px) 100vw, 259px\" \/><\/a><\/p>\n<p>Ma\u00f1ana llega <strong>el oto\u00f1o<\/strong>, marcado una vez m\u00e1s por<strong> las ca\u00eddas<\/strong>: las de las <strong>hojas de los \u00e1rboles,<\/strong> tan po\u00e9ticas y est\u00e9ticas al mismo tiempo, las del<strong> Rey<\/strong>, tambi\u00e9n tal vez, por su delicado estado de salud \u00faltimamente, y c\u00f3mo no<strong>, las de pelo.<\/strong><\/p>\n<p>Ya puedo irme preparando para <strong>desatascar la ba\u00f1era de matas de pelo<\/strong> cada dos por tres, para empezar a cocinar a m\u00e1s distancia para que <strong>no me caigan en la comida,<\/strong> para estar haciendo alguna tarea a l\u00e1piz y no solo tener que apartar de la hoja la fusca que queda cuando se borra con goma, sino tambi\u00e9n los cabellos que se caen sobre ella. Temo estar alg\u00fan d\u00eda en el sal\u00f3n y ver pasar por delante de m\u00ed en el pasillo <strong>una bola de estas t\u00edpicas que salen rodando en las pel\u00edculas del Oeste, pero que en vez de ser un cardo, sea de mechones rubios y largos que me haya ido dejando por el camino.<\/strong><\/p>\n<p>Estos meses volver\u00e9 a tener complejo de <strong>Pippi Calzaslargas,<\/strong> que sinceramente, no s\u00e9 de qu\u00e9 va porque nunca vi la serie en la tele, pero s\u00ed que me dicen que me parezco cuando, al ver que se me caen mechones, estoy cada dos por tres haci\u00e9ndome <strong>trenzas,<\/strong> <strong>como si eso evitase que perdiese cabellera<\/strong>. Esta pr\u00e1ctica viene de que cuando era una ni\u00f1a, por estas fechas, estaba un d\u00eda en el corral de casa sentada, me pas\u00e9 la mano por la cabeza y al moverla por el pelo, creyendo que se me hab\u00edan soltado unos cuantos hijos por las ca\u00eddas t\u00edpicas del oto\u00f1o, me llev\u00e9 un gran susto cuando vi que lo que se hallaba entre mis dedos era <strong>un murga\u00f1o de grandes y finas patitas.<\/strong> Con el p\u00e1nico que le tengo a los bichos, a\u00fan no lo he superado.<\/p>\n<p>Desde entonces, rara vez me lo dejo quieto, a pesar de que me digan que<strong> enredo con mi pelo porque soy una coqueta.<\/strong> Voy a tener que estar en casa sin salir hasta que llegue el invierno para que la gente no se piense que voy de presumida por la vida.<\/p>\n<!-- AddThis Advanced Settings generic via filter on the_content --><!-- AddThis Share Buttons generic via filter on the_content -->","protected":false},"excerpt":{"rendered":"<p>Ma\u00f1ana llega el oto\u00f1o, marcado una vez m\u00e1s por las ca\u00eddas: las de las hojas de los \u00e1rboles, tan po\u00e9ticas y est\u00e9ticas al mismo tiempo, las del Rey, tambi\u00e9n tal vez, por su delicado estado de salud \u00faltimamente, y c\u00f3mo no, las de pelo. Ya puedo irme preparando para desatascar la ba\u00f1era de matas de [&hellip;]<!-- AddThis Advanced Settings generic via filter on get_the_excerpt --><!-- AddThis Share Buttons generic via filter on get_the_excerpt --><\/p>\n","protected":false},"author":45,"featured_media":0,"comment_status":"open","ping_status":"closed","sticky":false,"template":"","format":"standard","meta":[],"categories":[3],"tags":[389,461,487,567,599,712,1052,1056,1375,2014,2574,2594,2816,2994,3098,3145,3149,3234,3592,3760,4099],"_links":{"self":[{"href":"https:\/\/blogs.hoy.es\/solitaencaceres\/wp-json\/wp\/v2\/posts\/743"}],"collection":[{"href":"https:\/\/blogs.hoy.es\/solitaencaceres\/wp-json\/wp\/v2\/posts"}],"about":[{"href":"https:\/\/blogs.hoy.es\/solitaencaceres\/wp-json\/wp\/v2\/types\/post"}],"author":[{"embeddable":true,"href":"https:\/\/blogs.hoy.es\/solitaencaceres\/wp-json\/wp\/v2\/users\/45"}],"replies":[{"embeddable":true,"href":"https:\/\/blogs.hoy.es\/solitaencaceres\/wp-json\/wp\/v2\/comments?post=743"}],"version-history":[{"count":0,"href":"https:\/\/blogs.hoy.es\/solitaencaceres\/wp-json\/wp\/v2\/posts\/743\/revisions"}],"wp:attachment":[{"href":"https:\/\/blogs.hoy.es\/solitaencaceres\/wp-json\/wp\/v2\/media?parent=743"}],"wp:term":[{"taxonomy":"category","embeddable":true,"href":"https:\/\/blogs.hoy.es\/solitaencaceres\/wp-json\/wp\/v2\/categories?post=743"},{"taxonomy":"post_tag","embeddable":true,"href":"https:\/\/blogs.hoy.es\/solitaencaceres\/wp-json\/wp\/v2\/tags?post=743"}],"curies":[{"name":"wp","href":"https:\/\/api.w.org\/{rel}","templated":true}]}}