{"id":745,"date":"2013-09-26T11:45:44","date_gmt":"2013-09-26T11:45:44","guid":{"rendered":"http:\/\/blogs.hoy.es\/solitaencaceres\/?p=745"},"modified":"2013-09-26T11:45:44","modified_gmt":"2013-09-26T11:45:44","slug":"con-la-mente-en-horteralia","status":"publish","type":"post","link":"https:\/\/blogs.hoy.es\/solitaencaceres\/2013\/09\/26\/con-la-mente-en-horteralia\/","title":{"rendered":"Con la mente en Horteralia"},"content":{"rendered":"<p style=\"text-align: center;\">\n<p style=\"text-align: center;\"><a href=\"\/solitaencaceres\/wp-content\/uploads\/sites\/41\/2013\/09\/DSC_30401.jpg\"><img loading=\"lazy\" class=\"aligncenter  wp-image-747\" title=\"Ropa para el Horteralia\" src=\"\/solitaencaceres\/wp-content\/uploads\/sites\/41\/2013\/09\/DSC_30401.jpg\" alt=\"\" width=\"296\" height=\"395\" srcset=\"https:\/\/static-blogs.hoy.es\/wp-content\/uploads\/sites\/41\/2013\/09\/DSC_30401.jpg 2448w, https:\/\/static-blogs.hoy.es\/wp-content\/uploads\/sites\/41\/2013\/09\/DSC_30401-225x300.jpg 225w, https:\/\/static-blogs.hoy.es\/wp-content\/uploads\/sites\/41\/2013\/09\/DSC_30401-768x1024.jpg 768w\" sizes=\"(max-width: 296px) 100vw, 296px\" \/><\/a><\/p>\n<p>Desde que s\u00e9 que<strong> Ca\u00f1ita Brava<\/strong> viene al <strong>Horteralia<\/strong> este a\u00f1o, no me quito su c\u00e9lebre frase<strong> &#8220;Torrente, me debes 6000 pesetas de whisky&#8221;<\/strong> de la cabeza. Estoy m\u00e1s ilusionada <strong>con este festival que con los carnavales,<\/strong> que disfrazarme cada a\u00f1o se convierte m\u00e1s en un engorro, sobre todo para mi madre, que es la que tiene que coser el traje, que un placer. Hace unos d\u00edas, cuando le habl\u00e9 de los grupos que ven\u00edan a tocar, hasta le entraron ganas de venir a ver <strong>No me pises que llevo chanclas<\/strong>, pero no todo el mundo es capaz de tener sentido del rid\u00edculo, y mi madre, por edad, menos a\u00fan.<\/p>\n<p>Es la primera vez que voy a asistir a <strong>Horteralia<\/strong> y lo mejor de todo est\u00e1 siendo rebuscar entre<strong> la ropa antigua<\/strong>, tanto de mi abuela como m\u00eda de hace unos a\u00f1os. Me sorprendo cuando encuentro <strong>cinturones de pinchos, pantalones de pana<\/strong>, camisetas de esas con las que llev\u00e1bamos<strong> la barriga al aire, pendientes con los que se nos rajaban un poquito los agujeros de las orejas<\/strong> de lo que pesaban, <strong>estrellitas y mariposas brillantes<\/strong> que se enganchaban en el pelo o<strong> sombreros de colores<\/strong> que compr\u00e1bamos cada a\u00f1o para la Romer\u00eda y que \u00edbamos amontonando en el trastero. Abro los armarios del piso con ropa de mi abuela y aparecen <strong>aut\u00e9nticas joyas horteras,<\/strong> hasta el punto de que les planteo a mis amigos de cachondeo montar un puesto ambulante de horteradas para qui\u00e9n las necesite a \u00faltima hora: <strong>camisetas de flores, vestidos antiguos de lunares, de rayas, multicolores, foulares con recolguines brillantes, bolsos, ri\u00f1oneras, alpargatas&#8230;<\/strong><\/p>\n<p>No hay d\u00eda que no a\u00f1ada un nuevo complemento al atuendo que me estoy creando. De hecho, aunque suene un poco a friki, llevo toda la semana con la mente fuera de clases y solo pensando en cosas horteras: me recorro bazares chinos buscando <strong>complementos de despedidas de soltera, collares para perros, baberos, calentadores de leopardo, gafas con cristal de culo de vaso, gorras de dibujos animados&#8230;<\/strong> y ya ha llegado un punto en el que creo que tengo que bajar el ritmo, porque se me est\u00e1 yendo de las manos. Hace unos d\u00edas me puse a practicar el peinado que tengo pensado hacerme y media hora despu\u00e9s estaba en la ducha con <strong>un cepillo en la mano quit\u00e1ndome a tirones los nudos que se me hab\u00edan creado en la cabeza<\/strong>. Aunque lo peor es que hasta en lo negativo veo cosas positivas: el lunes me rasp\u00e9 la pierna jugando al f\u00fatbol y la se\u00f1al que me ha quedado hasta me pega para el s\u00e1bado.<\/p>\n<p>Solo espero que despu\u00e9s de lo divertido que est\u00e1 siendo preparar el vestuario, no nos estropee la diversi\u00f3n, y las ca\u00f1as y bravas con Ca\u00f1ita Brava, el tiempo.<strong> Tengo demasiadas ganas de sacar la hortera que llevo dentro.\u00a0<\/strong><\/p>\n<!-- AddThis Advanced Settings generic via filter on the_content --><!-- AddThis Share Buttons generic via filter on the_content -->","protected":false},"excerpt":{"rendered":"<p>Desde que s\u00e9 que Ca\u00f1ita Brava viene al Horteralia este a\u00f1o, no me quito su c\u00e9lebre frase &#8220;Torrente, me debes 6000 pesetas de whisky&#8221; de la cabeza. Estoy m\u00e1s ilusionada con este festival que con los carnavales, que disfrazarme cada a\u00f1o se convierte m\u00e1s en un engorro, sobre todo para mi madre, que es la [&hellip;]<!-- AddThis Advanced Settings generic via filter on get_the_excerpt --><!-- AddThis Share Buttons generic via filter on get_the_excerpt --><\/p>\n","protected":false},"author":45,"featured_media":0,"comment_status":"open","ping_status":"closed","sticky":false,"template":"","format":"standard","meta":[],"categories":[3],"tags":[41,176,427,498,657,687,717,804,888,1220,1560,1669,1772,2029,2200,2366,2473,2559,2665,2800,2879,3043,3160,3502,3603,3628,3633,3842,4059,4083,4093],"_links":{"self":[{"href":"https:\/\/blogs.hoy.es\/solitaencaceres\/wp-json\/wp\/v2\/posts\/745"}],"collection":[{"href":"https:\/\/blogs.hoy.es\/solitaencaceres\/wp-json\/wp\/v2\/posts"}],"about":[{"href":"https:\/\/blogs.hoy.es\/solitaencaceres\/wp-json\/wp\/v2\/types\/post"}],"author":[{"embeddable":true,"href":"https:\/\/blogs.hoy.es\/solitaencaceres\/wp-json\/wp\/v2\/users\/45"}],"replies":[{"embeddable":true,"href":"https:\/\/blogs.hoy.es\/solitaencaceres\/wp-json\/wp\/v2\/comments?post=745"}],"version-history":[{"count":0,"href":"https:\/\/blogs.hoy.es\/solitaencaceres\/wp-json\/wp\/v2\/posts\/745\/revisions"}],"wp:attachment":[{"href":"https:\/\/blogs.hoy.es\/solitaencaceres\/wp-json\/wp\/v2\/media?parent=745"}],"wp:term":[{"taxonomy":"category","embeddable":true,"href":"https:\/\/blogs.hoy.es\/solitaencaceres\/wp-json\/wp\/v2\/categories?post=745"},{"taxonomy":"post_tag","embeddable":true,"href":"https:\/\/blogs.hoy.es\/solitaencaceres\/wp-json\/wp\/v2\/tags?post=745"}],"curies":[{"name":"wp","href":"https:\/\/api.w.org\/{rel}","templated":true}]}}