{"id":762,"date":"2013-10-04T10:08:48","date_gmt":"2013-10-04T10:08:48","guid":{"rendered":"http:\/\/blogs.hoy.es\/solitaencaceres\/?p=762"},"modified":"2013-10-04T10:08:48","modified_gmt":"2013-10-04T10:08:48","slug":"el-milindri-molaba-mas","status":"publish","type":"post","link":"https:\/\/blogs.hoy.es\/solitaencaceres\/2013\/10\/04\/el-milindri-molaba-mas\/","title":{"rendered":"El Milindri molaba m\u00e1s"},"content":{"rendered":"<p style=\"text-align: center;\"><a href=\"\/solitaencaceres\/wp-content\/uploads\/sites\/41\/2013\/10\/Melendi.jpg\"><img loading=\"lazy\" class=\"aligncenter  wp-image-763\" title=\"Melendi\" src=\"\/solitaencaceres\/wp-content\/uploads\/sites\/41\/2013\/10\/Melendi.jpg\" alt=\"\" width=\"233\" height=\"350\" srcset=\"https:\/\/static-blogs.hoy.es\/wp-content\/uploads\/sites\/41\/2013\/10\/Melendi.jpg 333w, https:\/\/static-blogs.hoy.es\/wp-content\/uploads\/sites\/41\/2013\/10\/Melendi-200x300.jpg 200w\" sizes=\"(max-width: 233px) 100vw, 233px\" \/><\/a><\/p>\n<p>Descubr\u00ed a <strong>Melendi<\/strong> en clase de pl\u00e1stica en la escuela, haciendo marqueter\u00eda. Para hacer m\u00e1s ameno el ruido de las sierras cortando la madera pon\u00edamos m\u00fasica, a\u00fan en esa \u00e9poca en la que<strong> se utilizaban los radio cassettes con CDs.<\/strong> Me llamaron la atenci\u00f3n sobre todo los temas de sus canciones, la mayor\u00eda relacionados con un mundo desconocido para m\u00ed: <strong>la droga.<\/strong><\/p>\n<p>En esa \u00e9poca no era Melendi, sino<strong> &#8216;El Milindri&#8217;<\/strong>, un tipo delgado, con el pelo muy largo y rizado recogido con un coletero y un modo de vestir un tanto zarrapastroso, que igual <strong>que te lo imaginabas cantando encima de un escenario te lo pod\u00edas imaginar pidiendo limosna en la calle para comprar cannabis.<\/strong> Aunque eso, realmente, lo percib\u00ed el d\u00eda que fui <strong>al concierto que dio en la Plaza de Toros de Arroyo,<\/strong> porque en esa \u00e9poca ni era conocido, ni mucho menos, \u00a0sal\u00eda en la tele. Se empez\u00f3 a hacer famoso despu\u00e9s, con <strong>la canci\u00f3n de la vuelta ciclista.<\/strong><\/p>\n<p><strong>La entrada recuerdo que no debi\u00f3 de valer ni 10 euros.<\/strong> Ahora hubiera pagado el triple por verlo igual, con aquella naturalidad, aquellos <strong>movimientos de pelvis tan &#8216;er\u00f3ticos&#8217;<\/strong> que hac\u00eda, aquellos meneos al micr\u00f3fono, y por supuesto, aquel inconfundible<strong> olor a porro que se desprend\u00eda del escenario<\/strong> y que nos dejaba ver que aquella energ\u00eda no era normal, porque hasta <strong>nosotros mismos est\u00e1bamos colocados mientras d\u00e1bamos saltos y gritos al ritmo de\u00a0 &#8216;Vuelvo a traficar&#8217;.<\/strong><\/p>\n<p>El a\u00f1o pasado, casi una d\u00e9cada despu\u00e9s, volv\u00ed a verlo en concierto. Los temas de sus canciones ya no eran los mismos, sonaban bien, pero <strong>tal vez eran demasiado comerciales y un tanto romanticones.<\/strong> Su look hab\u00eda pasado <strong>de ser tercermundista a ser rollete pijo:<\/strong> con su pelo planchado, su pantal\u00f3n vaquero, su camiseta roja reluciente&#8230; Sus movimientos en el escenario estaban mucho m\u00e1s controlados, <strong>ya no restregaba la cebolleta por el palo del micro.<\/strong> Saltaba y gritaba, s\u00ed, pero ya no se com\u00eda el escenario con la misma energ\u00eda. <strong>Hasta se echaba de menos el olor a marihuana que hac\u00eda falta para caldear el ambiente.<\/strong><\/p>\n<p>Estoy totalmente<strong> en contra de las drogas<\/strong>, pero reconozco que Melendi me molaba m\u00e1s cuando hablaba de ellas en sus canciones y cuando, en definitiva, las consum\u00eda. Ahora sus canciones son buenas, bonitas&#8230; <strong>pero despu\u00e9s de haberlo visto hace una d\u00e9cada aproximadamente en estado natural, me cuesta volver a decidirme por verlo en plan comercial.<\/strong><\/p>\n<!-- AddThis Advanced Settings generic via filter on the_content --><!-- AddThis Share Buttons generic via filter on the_content -->","protected":false},"excerpt":{"rendered":"<p>Descubr\u00ed a Melendi en clase de pl\u00e1stica en la escuela, haciendo marqueter\u00eda. Para hacer m\u00e1s ameno el ruido de las sierras cortando la madera pon\u00edamos m\u00fasica, a\u00fan en esa \u00e9poca en la que se utilizaban los radio cassettes con CDs. Me llamaron la atenci\u00f3n sobre todo los temas de sus canciones, la mayor\u00eda relacionados con [&hellip;]<!-- AddThis Advanced Settings generic via filter on get_the_excerpt --><!-- AddThis Share Buttons generic via filter on get_the_excerpt --><\/p>\n","protected":false},"author":45,"featured_media":0,"comment_status":"open","ping_status":"closed","sticky":false,"template":"","format":"standard","meta":[],"categories":[3],"tags":[294,680,787,969,1001,1308,1369,1488,2555,2562,2612,3150,3157,3287,3326,3488,3785,4321,4323],"_links":{"self":[{"href":"https:\/\/blogs.hoy.es\/solitaencaceres\/wp-json\/wp\/v2\/posts\/762"}],"collection":[{"href":"https:\/\/blogs.hoy.es\/solitaencaceres\/wp-json\/wp\/v2\/posts"}],"about":[{"href":"https:\/\/blogs.hoy.es\/solitaencaceres\/wp-json\/wp\/v2\/types\/post"}],"author":[{"embeddable":true,"href":"https:\/\/blogs.hoy.es\/solitaencaceres\/wp-json\/wp\/v2\/users\/45"}],"replies":[{"embeddable":true,"href":"https:\/\/blogs.hoy.es\/solitaencaceres\/wp-json\/wp\/v2\/comments?post=762"}],"version-history":[{"count":0,"href":"https:\/\/blogs.hoy.es\/solitaencaceres\/wp-json\/wp\/v2\/posts\/762\/revisions"}],"wp:attachment":[{"href":"https:\/\/blogs.hoy.es\/solitaencaceres\/wp-json\/wp\/v2\/media?parent=762"}],"wp:term":[{"taxonomy":"category","embeddable":true,"href":"https:\/\/blogs.hoy.es\/solitaencaceres\/wp-json\/wp\/v2\/categories?post=762"},{"taxonomy":"post_tag","embeddable":true,"href":"https:\/\/blogs.hoy.es\/solitaencaceres\/wp-json\/wp\/v2\/tags?post=762"}],"curies":[{"name":"wp","href":"https:\/\/api.w.org\/{rel}","templated":true}]}}