{"id":764,"date":"2013-10-07T08:38:56","date_gmt":"2013-10-07T08:38:56","guid":{"rendered":"http:\/\/blogs.hoy.es\/solitaencaceres\/?p=764"},"modified":"2013-10-07T08:38:56","modified_gmt":"2013-10-07T08:38:56","slug":"tener-frigorifico-o-tener-wifi","status":"publish","type":"post","link":"https:\/\/blogs.hoy.es\/solitaencaceres\/2013\/10\/07\/tener-frigorifico-o-tener-wifi\/","title":{"rendered":"\u00bfTener frigor\u00edfico o tener wifi?"},"content":{"rendered":"<p style=\"text-align: center;\">\n<a href=\"\/solitaencaceres\/wp-content\/uploads\/sites\/41\/2013\/10\/Montemor3.jpg\"><img loading=\"lazy\" class=\"aligncenter  wp-image-765\" title=\"Montemor\" src=\"\/solitaencaceres\/wp-content\/uploads\/sites\/41\/2013\/10\/Montemor3.jpg\" alt=\"\" width=\"499\" height=\"332\" srcset=\"https:\/\/static-blogs.hoy.es\/wp-content\/uploads\/sites\/41\/2013\/10\/Montemor3.jpg 4272w, https:\/\/static-blogs.hoy.es\/wp-content\/uploads\/sites\/41\/2013\/10\/Montemor3-300x200.jpg 300w, https:\/\/static-blogs.hoy.es\/wp-content\/uploads\/sites\/41\/2013\/10\/Montemor3-768x512.jpg 768w, https:\/\/static-blogs.hoy.es\/wp-content\/uploads\/sites\/41\/2013\/10\/Montemor3-1024x683.jpg 1024w\" sizes=\"(max-width: 499px) 100vw, 499px\" \/><\/a><\/p>\n<p>\u00a0<strong>\u00a0\u00bfQu\u00e9 es mejor, tener frigor\u00edfico o tener wifi?<\/strong> Tal y como estamos de enganchados a la tecnolog\u00eda en pleno<strong> siglo XXI<\/strong>, muchos preferimos poder<strong> conectarnos a Facebook, Whatsapp o Twitter que beber leche fr\u00eda.<\/strong><\/p>\n<p>Estoy en <strong>Montemor o Novo<\/strong>, un pueblo del <strong>Alentejo portugu\u00e9s<\/strong> donde estamos participando 16 j\u00f3venes\u00a0 en <strong>un curso trasfronterizo, Agita, promovido por Casa de Harina, que se va a lleva a cabo durante 15 d\u00edas<\/strong>, la mitad aqu\u00ed, la otra mitad en <strong>Los Santos de Maimona<\/strong> por parte extreme\u00f1a. Nos han dividido en dos casas. En una se encuentran las personas a las que les gustan los <strong>n\u00fameros impares<\/strong>, y en la otra, en la que yo me encuentro, estamos los que nos gustan los<strong> n\u00fameros pares.<\/strong><\/p>\n<p>He tenido la buena suerte de que la casa &#8216;par&#8217; es la que tiene <strong>router wifi<\/strong> para conectarse a internet porque aqu\u00ed las tarifas de datos de los m\u00f3viles las tenemos desactivadas para que <strong>no nos peguen las compa\u00f1\u00edas telef\u00f3nicas el sablazo,<\/strong> aunque la parte negativa es que<strong> estoy rodeada de fumadores.<\/strong> Pero vamos, que yo por poder quitarme el mono de estar un ratito en las redes sociales viendo o subiendo fotos, asumo el hecho de <strong>convertirme en fumadora pasiva por unos d\u00edas. \u00a0<\/strong><\/p>\n<p>La experiencia est\u00e1 siendo muy positiva. He de reconocer que yo ven\u00eda con un poco de miedo, entre otras razones, por <strong>no saber defenderme con el idioma y porque nunca me he considerado buena en habilidades sociales.<\/strong> Sin embargo, somos un grupo de j\u00f3venes muy singulares, con diferentes estudios, aficiones, e incluso gustos por la comida, y eso, a la hora de la verdad, hace que nos aportemos m\u00e1s unos a otros, que, a fin de cuentas, es en lo que consiste esto, en agitar ideas.<\/p>\n<p>Yo, como buena estudiante de<strong> Filolog\u00eda Hisp\u00e1nica<\/strong>, me he propuesto aprender a diferenciar esos sonidos conson\u00e1nticos portugueses que tanto se parecen y que nunca he sabido diferenciar, como el caso de las eses. Empiezo a tener <strong>complejo de serpiente<\/strong> en Portugal. Por otra parte, yo a ellos les estoy ense\u00f1ando a distinguir el acento en las palabras espa\u00f1olas, explic\u00e1ndoles la <strong>diferencia entre aguda, llama y esdr\u00fajula,<\/strong> pero todo esto no os imagin\u00e9is que lo hacemos en plan formal ,e incluso con pizarras, sino <strong>tirados en el suelo del sal\u00f3n<\/strong> en unas mantas que hemos echado y en las que nos reunimos a la hora de la siesta o por las noches a conversar.<\/p>\n<p>Ya he aprendido bastante para llevar solo dos d\u00edas. Empiezo a soltarme en <strong>portu\u00f1ol<\/strong>, y eso para lo mal que se me dan los idiomas y para lo vergonzosa que soy, es un gran avance. Tal vez se deba a que el <strong>caf\u00e9 portugu\u00e9s<\/strong> sea tan bueno que gracias a \u00e9l haya perdido la timidez. Desde luego, me tomo m\u00ednimo tres al d\u00eda. De aqu\u00ed, <strong>o salgo empachada, o salgo cafein\u00f3mana perdida.\u00a0<\/strong><\/p>\n<!-- AddThis Advanced Settings generic via filter on the_content --><!-- AddThis Share Buttons generic via filter on the_content -->","protected":false},"excerpt":{"rendered":"<p>\u00a0\u00a0\u00bfQu\u00e9 es mejor, tener frigor\u00edfico o tener wifi? Tal y como estamos de enganchados a la tecnolog\u00eda en pleno siglo XXI, muchos preferimos poder conectarnos a Facebook, Whatsapp o Twitter que beber leche fr\u00eda. Estoy en Montemor o Novo, un pueblo del Alentejo portugu\u00e9s donde estamos participando 16 j\u00f3venes\u00a0 en un curso trasfronterizo, Agita, promovido [&hellip;]<!-- AddThis Advanced Settings generic via filter on get_the_excerpt --><!-- AddThis Share Buttons generic via filter on get_the_excerpt --><\/p>\n","protected":false},"author":45,"featured_media":0,"comment_status":"open","ping_status":"closed","sticky":false,"template":"","format":"standard","meta":[],"categories":[3],"tags":[114,156,590,754,1145,1630,1689,1771,1794,1924,2066,2085,2139,2456,2756,3065,3338,3529,3642,3766,3794,3921,4131,4332,4334],"_links":{"self":[{"href":"https:\/\/blogs.hoy.es\/solitaencaceres\/wp-json\/wp\/v2\/posts\/764"}],"collection":[{"href":"https:\/\/blogs.hoy.es\/solitaencaceres\/wp-json\/wp\/v2\/posts"}],"about":[{"href":"https:\/\/blogs.hoy.es\/solitaencaceres\/wp-json\/wp\/v2\/types\/post"}],"author":[{"embeddable":true,"href":"https:\/\/blogs.hoy.es\/solitaencaceres\/wp-json\/wp\/v2\/users\/45"}],"replies":[{"embeddable":true,"href":"https:\/\/blogs.hoy.es\/solitaencaceres\/wp-json\/wp\/v2\/comments?post=764"}],"version-history":[{"count":0,"href":"https:\/\/blogs.hoy.es\/solitaencaceres\/wp-json\/wp\/v2\/posts\/764\/revisions"}],"wp:attachment":[{"href":"https:\/\/blogs.hoy.es\/solitaencaceres\/wp-json\/wp\/v2\/media?parent=764"}],"wp:term":[{"taxonomy":"category","embeddable":true,"href":"https:\/\/blogs.hoy.es\/solitaencaceres\/wp-json\/wp\/v2\/categories?post=764"},{"taxonomy":"post_tag","embeddable":true,"href":"https:\/\/blogs.hoy.es\/solitaencaceres\/wp-json\/wp\/v2\/tags?post=764"}],"curies":[{"name":"wp","href":"https:\/\/api.w.org\/{rel}","templated":true}]}}