{"id":778,"date":"2013-10-16T17:47:33","date_gmt":"2013-10-16T17:47:33","guid":{"rendered":"http:\/\/blogs.hoy.es\/solitaencaceres\/?p=778"},"modified":"2013-10-16T17:47:33","modified_gmt":"2013-10-16T17:47:33","slug":"la-raya-abstracta-que-nos-separa","status":"publish","type":"post","link":"https:\/\/blogs.hoy.es\/solitaencaceres\/2013\/10\/16\/la-raya-abstracta-que-nos-separa\/","title":{"rendered":"La Raya abstracta que nos separa"},"content":{"rendered":"<p style=\"text-align: center;\"><a href=\"\/solitaencaceres\/wp-content\/uploads\/sites\/41\/2013\/10\/Europa11.jpg\"><img loading=\"lazy\" class=\"aligncenter  wp-image-780\" title=\"Europa\" src=\"\/solitaencaceres\/wp-content\/uploads\/sites\/41\/2013\/10\/Europa11.jpg\" alt=\"\" width=\"460\" height=\"306\" srcset=\"https:\/\/static-blogs.hoy.es\/wp-content\/uploads\/sites\/41\/2013\/10\/Europa11.jpg 852w, https:\/\/static-blogs.hoy.es\/wp-content\/uploads\/sites\/41\/2013\/10\/Europa11-300x200.jpg 300w, https:\/\/static-blogs.hoy.es\/wp-content\/uploads\/sites\/41\/2013\/10\/Europa11-768x511.jpg 768w\" sizes=\"(max-width: 460px) 100vw, 460px\" \/><\/a><\/p>\n<p>La Raya fronteriza que divide <strong>Extremadura<\/strong> y el <strong>Alentejo<\/strong> es un concepto muy abstracto, tanto que una no sabe realmente cu\u00e1ndo la ha cruzado. El otro d\u00eda, cuando volv\u00edamos de <strong>Montemor o Novo<\/strong>, pasando por<strong> \u00c9vora<\/strong> y viendo<strong> Elvas<\/strong> a lo lejos y la parte extreme\u00f1a de <strong>Badajoz,<\/strong> todos los espa\u00f1oles del <strong>intercambio cultural trasfronterizo<\/strong> est\u00e1bamos expectantes por una sencilla raz\u00f3n: <strong>volver a activar la tarifa de itinerancia de datos<\/strong> para sentirnos en contacto con este mundo virtual del que cada d\u00eda somos m\u00e1s dependientes, de ese que lidera<strong> WhatsApp.<\/strong><\/p>\n<p>La mayor\u00eda ven\u00edamos dormidos durante el trayecto, agotados de la jornada tan intensa que hab\u00edamos tenido en el r\u00edo el d\u00eda anterior en <strong>Montemor<\/strong> exponiendo los proyectos de <strong>v\u00eddeo arte<\/strong> que durante toda la semana hab\u00edamos estado preparando, relacionando los conceptos <strong>ser de pueblo y ser europeo.<\/strong> Abrimos todos los ojos m\u00e1s o menos a la par, cuando alguien avis\u00f3 que ya se ve\u00eda <strong>El Faro<\/strong>. S\u00ed, ya est\u00e1bamos en <strong>Extremadura<\/strong>, en parte espa\u00f1ola. Pero no lo dec\u00edan as\u00ed nuestros m\u00f3viles, que a\u00fan segu\u00edan con el <strong>roaming,<\/strong> avis\u00e1ndonos de que no nos confi\u00e1semos porque en cualquier momento nos la clavar\u00edan doblada.<\/p>\n<p>Pas\u00e1bamos El Faro, hac\u00edamos parada en una gasolinera, y algunos ya empez\u00e1bamos a tener itinerancia de datos espa\u00f1ola mientras otros segu\u00edan con el roaming, <strong>como si siguieran al otro lado de la frontera.<\/strong> Creo que hasta que no pasamos Badajoz y nos pusimos en camino hacia <strong>Villafranca de los Barros<\/strong>, no estuvimos seguros de estar utilizando el m\u00f3vil con red espa\u00f1ola. Y yo me pregunto por qu\u00e9 si estamos tan avanzados en aplicaciones m\u00f3viles, si ya las compa\u00f1\u00edas nos regalan llamadas y sms dentro de nuestro pa\u00eds y <strong>nos ponen tarifas de datos asimilables para poder adaptarnos a las circunstancias del mundo en que vivimos,<\/strong> lo que se han convertido en ya necesidades b\u00e1sicas, p<strong>or qu\u00e9 no crean una tarifa de datos europea,<\/strong> que valga tanto para alguien que sea de<strong> Montemor,<\/strong> como para alguien que sea de <strong>Badajoz<\/strong>, o alguien que viva en una ciudad o pueblo de <strong>Bruselas<\/strong>, por ejemplo.<\/p>\n<p>Tal vez, para sentirnos europeos, n<strong>o deber\u00edamos tener fronteras comunicativas y econ\u00f3micas de este tipo,<\/strong> que nos hacen m\u00e1s nacionalistas y menos ciudadanos del mundo.<\/p>\n<!-- AddThis Advanced Settings generic via filter on the_content --><!-- AddThis Share Buttons generic via filter on the_content -->","protected":false},"excerpt":{"rendered":"<p>La Raya fronteriza que divide Extremadura y el Alentejo es un concepto muy abstracto, tanto que una no sabe realmente cu\u00e1ndo la ha cruzado. El otro d\u00eda, cuando volv\u00edamos de Montemor o Novo, pasando por \u00c9vora y viendo Elvas a lo lejos y la parte extreme\u00f1a de Badajoz, todos los espa\u00f1oles del intercambio cultural trasfronterizo [&hellip;]<!-- AddThis Advanced Settings generic via filter on get_the_excerpt --><!-- AddThis Share Buttons generic via filter on get_the_excerpt --><\/p>\n","protected":false},"author":45,"featured_media":0,"comment_status":"open","ping_status":"closed","sticky":false,"template":"","format":"standard","meta":[],"categories":[3],"tags":[],"_links":{"self":[{"href":"https:\/\/blogs.hoy.es\/solitaencaceres\/wp-json\/wp\/v2\/posts\/778"}],"collection":[{"href":"https:\/\/blogs.hoy.es\/solitaencaceres\/wp-json\/wp\/v2\/posts"}],"about":[{"href":"https:\/\/blogs.hoy.es\/solitaencaceres\/wp-json\/wp\/v2\/types\/post"}],"author":[{"embeddable":true,"href":"https:\/\/blogs.hoy.es\/solitaencaceres\/wp-json\/wp\/v2\/users\/45"}],"replies":[{"embeddable":true,"href":"https:\/\/blogs.hoy.es\/solitaencaceres\/wp-json\/wp\/v2\/comments?post=778"}],"version-history":[{"count":0,"href":"https:\/\/blogs.hoy.es\/solitaencaceres\/wp-json\/wp\/v2\/posts\/778\/revisions"}],"wp:attachment":[{"href":"https:\/\/blogs.hoy.es\/solitaencaceres\/wp-json\/wp\/v2\/media?parent=778"}],"wp:term":[{"taxonomy":"category","embeddable":true,"href":"https:\/\/blogs.hoy.es\/solitaencaceres\/wp-json\/wp\/v2\/categories?post=778"},{"taxonomy":"post_tag","embeddable":true,"href":"https:\/\/blogs.hoy.es\/solitaencaceres\/wp-json\/wp\/v2\/tags?post=778"}],"curies":[{"name":"wp","href":"https:\/\/api.w.org\/{rel}","templated":true}]}}