{"id":785,"date":"2013-10-21T13:08:43","date_gmt":"2013-10-21T13:08:43","guid":{"rendered":"http:\/\/blogs.hoy.es\/solitaencaceres\/?p=785"},"modified":"2013-10-21T13:08:43","modified_gmt":"2013-10-21T13:08:43","slug":"volver-a-la-realidad","status":"publish","type":"post","link":"https:\/\/blogs.hoy.es\/solitaencaceres\/2013\/10\/21\/volver-a-la-realidad\/","title":{"rendered":"Volver a la realidad"},"content":{"rendered":"<p style=\"text-align: center;\"><a href=\"\/solitaencaceres\/wp-content\/uploads\/sites\/41\/2013\/10\/Ensalada-de-frutas.png\"><img loading=\"lazy\" class=\"aligncenter  wp-image-786\" title=\"Ensalada de frutas\" src=\"\/solitaencaceres\/wp-content\/uploads\/sites\/41\/2013\/10\/Ensalada-de-frutas.png\" alt=\"\" width=\"515\" height=\"293\" srcset=\"https:\/\/static-blogs.hoy.es\/wp-content\/uploads\/sites\/41\/2013\/10\/Ensalada-de-frutas.png 1226w, https:\/\/static-blogs.hoy.es\/wp-content\/uploads\/sites\/41\/2013\/10\/Ensalada-de-frutas-300x171.png 300w, https:\/\/static-blogs.hoy.es\/wp-content\/uploads\/sites\/41\/2013\/10\/Ensalada-de-frutas-768x438.png 768w, https:\/\/static-blogs.hoy.es\/wp-content\/uploads\/sites\/41\/2013\/10\/Ensalada-de-frutas-1024x584.png 1024w\" sizes=\"(max-width: 515px) 100vw, 515px\" \/><\/a><\/p>\n<p>Despu\u00e9s de dos semanas al margen de estudios, familia, amigos&#8230;<strong> toca volver a la realidad<\/strong>, a ponerse las pilas y recuperar el ritmo de las clases. Tambi\u00e9n toca volver a atender a mis amistades, a pesar de que creo que hasta que no se me pase un poco la emoci\u00f3n, <strong>puedo no ser una buena compa\u00f1\u00eda,<\/strong> porque me muero de ganas de contarle a la gente mi experiencia como<strong> participante del proyecto trasfronterizo Agita<\/strong> y veo que puedo llegar a aburrir del largo repertorio que tengo.<\/p>\n<p>Hemos vivido una especie de <strong>Gran Hermano<\/strong> sin c\u00e1maras que nos vigilasen, aunque bueno, todos los d\u00edas hab\u00eda una filmando para preparar e<strong>l making of<\/strong> de lo que hac\u00edamos. Ayer por la tarde, a mi madre le toc\u00f3 hacer de <strong>Mercedes Mil\u00e1<\/strong> y evaluar mi paso por &#8216;la casa&#8217; mientras yo le iba poniendo v\u00eddeos de las actividades que hab\u00edamos hecho. Entre ellas, una din\u00e1mica en la que, jugando a <strong>Ensalada de frutas<\/strong>, la silla se me iba para atr\u00e1s y yo ca\u00eda de espaldas al suelo. Es divertido verse y re\u00edrse d\u00edas despu\u00e9s de este tipo de escenas, aunque <strong>mi madre ha acabado hasta las narices porque no tengo tema de conversaci\u00f3n en el que no aparezcan Montemor o Novo, Los Santos de Maimona, mis compa\u00f1eros o mis monitores.<\/strong><\/p>\n<p>Es cierto que si por m\u00ed fuera, me pasar\u00eda una semana <strong>viendo las m\u00e1s de mil fotos que he hecho y revisando una y otra vez todos los v\u00eddeos que hemos grabado<\/strong>, y, aparte de eso, tambi\u00e9n descansando un poco sin m\u00e1s compa\u00f1\u00eda que mi cama, una mantita y un libro. Han sido 15 d\u00edas tan emocionantes en los que nos hemos mantenidos tan activos que <strong>es raro que despu\u00e9s de este par\u00f3n en seco no me constipe.<\/strong> Aunque bueno, imagino que tengo tantas tareas pendientes que no me da tiempo.<\/p>\n<p>Anoche, me cost\u00f3 dormir, echaba en falta las conversaciones en la cocina hasta tarde con Eli y Ana, tomando caf\u00e9<strong> como malamente nos hab\u00edamos acostumbrado en Portugal,<\/strong> haciendo an\u00e1lisis del d\u00eda y terminando las tareas que ten\u00edamos pendientes. Esta ma\u00f1ana, en cambio, me levant\u00e9 bastante mejor: por primera vez en quince d\u00edas <strong>no me despert\u00e9 asustada con el sonido de la alarma del m\u00f3vil de Pedro,<\/strong> que desde el primer d\u00eda que la escuch\u00e9 en Montemor, <strong>me estremeci\u00f3 y me hizo salir corriendo de la ducha pensando que era una se\u00f1al de que hab\u00eda fuego<\/strong>. Sin embargo, hasta eso he echado en falta y me he puesto melanc\u00f3lica. Esta medio d\u00eda, probablemente cuando llegue a casa, echar\u00e9 de menos el momento en el que todos debat\u00edan sobre qu\u00e9 comer\u00eda: <strong>si muesli con leche de soja o pi\u00f1a.<\/strong><\/p>\n<p>Definitivamente, s\u00ed, voy a necesitar <strong>que la realidad tenga paciencia conmigo en C\u00e1ceres,<\/strong> porque lo que hemos vivido no es f\u00e1cil de superar. Me muero de ganas de embarcarme en una experiencia similar y <strong>animo a todo el que tenga la oportunidad para que se lance a la aventura.<\/strong><\/p>\n<!-- AddThis Advanced Settings generic via filter on the_content --><!-- AddThis Share Buttons generic via filter on the_content -->","protected":false},"excerpt":{"rendered":"<p>Despu\u00e9s de dos semanas al margen de estudios, familia, amigos&#8230; toca volver a la realidad, a ponerse las pilas y recuperar el ritmo de las clases. Tambi\u00e9n toca volver a atender a mis amistades, a pesar de que creo que hasta que no se me pase un poco la emoci\u00f3n, puedo no ser una buena [&hellip;]<!-- AddThis Advanced Settings generic via filter on get_the_excerpt --><!-- AddThis Share Buttons generic via filter on get_the_excerpt --><\/p>\n","protected":false},"author":45,"featured_media":0,"comment_status":"open","ping_status":"closed","sticky":false,"template":"","format":"standard","meta":[],"categories":[3],"tags":[],"_links":{"self":[{"href":"https:\/\/blogs.hoy.es\/solitaencaceres\/wp-json\/wp\/v2\/posts\/785"}],"collection":[{"href":"https:\/\/blogs.hoy.es\/solitaencaceres\/wp-json\/wp\/v2\/posts"}],"about":[{"href":"https:\/\/blogs.hoy.es\/solitaencaceres\/wp-json\/wp\/v2\/types\/post"}],"author":[{"embeddable":true,"href":"https:\/\/blogs.hoy.es\/solitaencaceres\/wp-json\/wp\/v2\/users\/45"}],"replies":[{"embeddable":true,"href":"https:\/\/blogs.hoy.es\/solitaencaceres\/wp-json\/wp\/v2\/comments?post=785"}],"version-history":[{"count":0,"href":"https:\/\/blogs.hoy.es\/solitaencaceres\/wp-json\/wp\/v2\/posts\/785\/revisions"}],"wp:attachment":[{"href":"https:\/\/blogs.hoy.es\/solitaencaceres\/wp-json\/wp\/v2\/media?parent=785"}],"wp:term":[{"taxonomy":"category","embeddable":true,"href":"https:\/\/blogs.hoy.es\/solitaencaceres\/wp-json\/wp\/v2\/categories?post=785"},{"taxonomy":"post_tag","embeddable":true,"href":"https:\/\/blogs.hoy.es\/solitaencaceres\/wp-json\/wp\/v2\/tags?post=785"}],"curies":[{"name":"wp","href":"https:\/\/api.w.org\/{rel}","templated":true}]}}