{"id":787,"date":"2013-10-23T09:00:50","date_gmt":"2013-10-23T09:00:50","guid":{"rendered":"http:\/\/blogs.hoy.es\/solitaencaceres\/?p=787"},"modified":"2013-10-23T09:00:50","modified_gmt":"2013-10-23T09:00:50","slug":"portugal-algo-mas-que-una-hora-menos","status":"publish","type":"post","link":"https:\/\/blogs.hoy.es\/solitaencaceres\/2013\/10\/23\/portugal-algo-mas-que-una-hora-menos\/","title":{"rendered":"Portugal: algo m\u00e1s que una hora menos"},"content":{"rendered":"<p style=\"text-align: center;\"><a href=\"\/solitaencaceres\/wp-content\/uploads\/sites\/41\/2013\/10\/Reloj.png\"><img loading=\"lazy\" class=\"aligncenter  wp-image-788\" title=\"Reloj\" src=\"\/solitaencaceres\/wp-content\/uploads\/sites\/41\/2013\/10\/Reloj.png\" alt=\"\" width=\"430\" height=\"286\" srcset=\"https:\/\/static-blogs.hoy.es\/wp-content\/uploads\/sites\/41\/2013\/10\/Reloj.png 717w, https:\/\/static-blogs.hoy.es\/wp-content\/uploads\/sites\/41\/2013\/10\/Reloj-300x200.png 300w\" sizes=\"(max-width: 430px) 100vw, 430px\" \/><\/a><\/p>\n<p>En el a\u00f1o 1940,<strong> Franco decide adelantar el huso horario espa\u00f1ol 60 minutos como muestra de simpat\u00eda hac\u00eda Hitler.<\/strong> Sin embargo, los espa\u00f1oles estamos acostumbrados a decir <strong>que los portugueses van una hora por detr\u00e1s de nosotros,<\/strong> incluso con un tono despectivo, cuando en realidad somos nosotros quienes nos pasamos de listos <strong>desde la II Guerra Mundial.<\/strong><\/p>\n<p>La semana de mi intercambio que pas\u00e9 en Portugal, me di cuenta de que <strong>con su huso horario me despertaba mejor por las ma\u00f1anas, los d\u00edas se me hac\u00edan menos pesados, rend\u00eda m\u00e1s y la siesta no me resultaba imprescindible.<\/strong> Tambi\u00e9n descubr\u00ed que una no puede fiarse de los mitos que ha o\u00eddo del pa\u00eds vecino, ya no solo me refiero<strong> a que conducen peor o a que las portuguesas tienen bigote y barbaridades de ese estilo<\/strong>, que he comprobado que son falsas, sino que me refiero a que llegu\u00e9 a Portugal con la misma idea que puede tener<strong> un ciudadano de la zona Este de la Pen\u00ednsula Ib\u00e9rica al que le hablan de Extremadura por primera vez y a\u00fan nos imagina por las calles de tierra trasport\u00e1ndonos en burro.<\/strong><\/p>\n<p>Es incre\u00edble<strong> los aires de superioridad con los que los espa\u00f1oles vemos a los portugueses<\/strong>, y es incre\u00edble tambi\u00e9n ver <strong>lo limpios que tienen los pueblos en comparaci\u00f3n con los nuestros<\/strong> y la cara de verg\u00fcenza que se nos queda cuando ellos lo ven aqu\u00ed todo sucio, como si no existiesen papeleras y contenedores. Tambi\u00e9n es alucinante su capacidad de<strong> ver programas y series de televisi\u00f3n o pel\u00edculas en el idioma original con subt\u00edtulos<\/strong>, cuando nosotros tenemos un nivel baj\u00edsimo por la comodidad de los<strong> doblajes<\/strong>, que sin ir m\u00e1s lejos, surgieron tambi\u00e9n m\u00e1s o menos por la \u00e9poca del <strong>Franquismo<\/strong> para <strong>censurar todo aquello que tratase la religi\u00f3n,\u00a0la pol\u00edtica o cuestiones sexuales, y centrarlos en los propios intereses del r\u00e9gimen. \u00a0\u00a0\u00a0\u00a0\u00a0\u00a0\u00a0\u00a0\u00a0<\/strong><\/p>\n<p>Sin ir m\u00e1s lejos, es incre\u00edble que<strong> Espa\u00f1a<\/strong>, m\u00e1s de 70 a\u00f1os despu\u00e9s, siga intentando<strong> acercarse tanto a Alemania<\/strong> (y manteniendo su huso horario), cuando tenemos al lado a <strong>unos vecinos ejemplares a los que no sabemos valorar todo lo que debi\u00e9ramos.<\/strong><\/p>\n<!-- AddThis Advanced Settings generic via filter on the_content --><!-- AddThis Share Buttons generic via filter on the_content -->","protected":false},"excerpt":{"rendered":"<p>En el a\u00f1o 1940, Franco decide adelantar el huso horario espa\u00f1ol 60 minutos como muestra de simpat\u00eda hac\u00eda Hitler. Sin embargo, los espa\u00f1oles estamos acostumbrados a decir que los portugueses van una hora por detr\u00e1s de nosotros, incluso con un tono despectivo, cuando en realidad somos nosotros quienes nos pasamos de listos desde la II [&hellip;]<!-- AddThis Advanced Settings generic via filter on get_the_excerpt --><!-- AddThis Share Buttons generic via filter on get_the_excerpt --><\/p>\n","protected":false},"author":45,"featured_media":0,"comment_status":"open","ping_status":"closed","sticky":false,"template":"","format":"standard","meta":[],"categories":[3],"tags":[21,155,464,557,1279,1511,1622,1757,1758,2011,2022,2058,2067,2075,2724,3013,3144,3161,3311,3335,3337,3422,3448,3553,3765,3869,4361],"_links":{"self":[{"href":"https:\/\/blogs.hoy.es\/solitaencaceres\/wp-json\/wp\/v2\/posts\/787"}],"collection":[{"href":"https:\/\/blogs.hoy.es\/solitaencaceres\/wp-json\/wp\/v2\/posts"}],"about":[{"href":"https:\/\/blogs.hoy.es\/solitaencaceres\/wp-json\/wp\/v2\/types\/post"}],"author":[{"embeddable":true,"href":"https:\/\/blogs.hoy.es\/solitaencaceres\/wp-json\/wp\/v2\/users\/45"}],"replies":[{"embeddable":true,"href":"https:\/\/blogs.hoy.es\/solitaencaceres\/wp-json\/wp\/v2\/comments?post=787"}],"version-history":[{"count":0,"href":"https:\/\/blogs.hoy.es\/solitaencaceres\/wp-json\/wp\/v2\/posts\/787\/revisions"}],"wp:attachment":[{"href":"https:\/\/blogs.hoy.es\/solitaencaceres\/wp-json\/wp\/v2\/media?parent=787"}],"wp:term":[{"taxonomy":"category","embeddable":true,"href":"https:\/\/blogs.hoy.es\/solitaencaceres\/wp-json\/wp\/v2\/categories?post=787"},{"taxonomy":"post_tag","embeddable":true,"href":"https:\/\/blogs.hoy.es\/solitaencaceres\/wp-json\/wp\/v2\/tags?post=787"}],"curies":[{"name":"wp","href":"https:\/\/api.w.org\/{rel}","templated":true}]}}