{"id":802,"date":"2013-11-07T08:00:43","date_gmt":"2013-11-07T08:00:43","guid":{"rendered":"http:\/\/blogs.hoy.es\/solitaencaceres\/?p=802"},"modified":"2013-11-07T08:00:43","modified_gmt":"2013-11-07T08:00:43","slug":"marvao-da-vertigo","status":"publish","type":"post","link":"https:\/\/blogs.hoy.es\/solitaencaceres\/2013\/11\/07\/marvao-da-vertigo\/","title":{"rendered":"Marv\u00e3o da v\u00e9rtigo"},"content":{"rendered":"<p style=\"text-align: center;\"><a href=\"\/solitaencaceres\/wp-content\/uploads\/sites\/41\/2013\/11\/Marvao2.jpg\"><img loading=\"lazy\" class=\"aligncenter  wp-image-803\" title=\"Marv\u00e3o\" src=\"\/solitaencaceres\/wp-content\/uploads\/sites\/41\/2013\/11\/Marvao2.jpg\" alt=\"\" width=\"557\" height=\"372\" srcset=\"https:\/\/static-blogs.hoy.es\/wp-content\/uploads\/sites\/41\/2013\/11\/Marvao2.jpg 928w, https:\/\/static-blogs.hoy.es\/wp-content\/uploads\/sites\/41\/2013\/11\/Marvao2-300x200.jpg 300w, https:\/\/static-blogs.hoy.es\/wp-content\/uploads\/sites\/41\/2013\/11\/Marvao2-768x513.jpg 768w\" sizes=\"(max-width: 557px) 100vw, 557px\" \/><\/a><\/p>\n<p>El paso de la frontera por <strong>Valencia de Alc\u00e1ntara<\/strong> a <strong>Marv\u00e3o<\/strong> no deja indiferente a nadie. El cambio de paisaje, las altas rocas que te encuentras a los costados de la carretera te hacen sentir peque\u00f1o, microsc\u00f3pico. Es como una especie de <strong>antecedente de lo que te espera.<\/strong><\/p>\n<p>Ya desde <strong>Portagem<\/strong>, miras a lo alto y es dif\u00edcil <strong>no sentir un poco de v\u00e9rtigo.<\/strong> Las curvas de la carretera durante la subida ayudan a que el est\u00f3mago se te encoja. Las vistas, a medida que vas llegando a la cima, van mejorando: se crea ante ti <strong>todo un acontecimiento geogr\u00e1fico, un mapa f\u00edsico a gran escala, con sus relieves, sus monta\u00f1as, sus r\u00edos&#8230;<\/strong><\/p>\n<p><a href=\"\/solitaencaceres\/wp-content\/uploads\/sites\/41\/2013\/11\/Marvao1.jpg\"><img loading=\"lazy\" class=\"alignright  wp-image-804\" title=\"Marv\u00e3o\" src=\"\/solitaencaceres\/wp-content\/uploads\/sites\/41\/2013\/11\/Marvao1.jpg\" alt=\"\" width=\"403\" height=\"269\" srcset=\"https:\/\/static-blogs.hoy.es\/wp-content\/uploads\/sites\/41\/2013\/11\/Marvao1.jpg 922w, https:\/\/static-blogs.hoy.es\/wp-content\/uploads\/sites\/41\/2013\/11\/Marvao1-300x200.jpg 300w, https:\/\/static-blogs.hoy.es\/wp-content\/uploads\/sites\/41\/2013\/11\/Marvao1-768x512.jpg 768w\" sizes=\"(max-width: 403px) 100vw, 403px\" \/><\/a><\/p>\n<p>El pueblo de <strong>Marv\u00e3o<\/strong> deslumbra la vista, no solo por lo blanco que es, sino por lo que impacta ir viendo las cuestas que te esperan<strong> si tu objetivo es llegar al castillo.<\/strong> Aunque lo realmente impactante es ir pasando por las calles y encontrarte que el 80% de la gente que hay son espa\u00f1oles de excursi\u00f3n. <strong>Familias, grupos de amigos y parejas que van a pasar el d\u00eda aprovechando que se come bien y barato. \u00a0<\/strong><\/p>\n<p>El castillo es perfecto para desconectar de todo, perderse con la c\u00e1mara y dejarse llevar. Es tan grande que cuando te vas, dudas si te habr\u00e1s quedado algo por ver. <strong>Las vistas desde la muralla son impresionantes. Como estar entre el cielo y la tierra. Te sientes grande ante el Alentejo y a la vez peque\u00f1o en esa enorme fortaleza.<\/strong><\/p>\n<p>La \u00faltima vez que he ido, <strong>no he podido superar la presi\u00f3n de la altura.<\/strong> Me acord\u00e9 de mi etapa de monaguilla, cuando me tocaba subir al campanario a dar las campanadas para <strong>la misa de los domingos.<\/strong> La subida de las escaleras pod\u00eda superarla, pero la bajada siempre la hac\u00eda de espaldas apoyando las manos en los escalones o <strong>directamente sentada y bajando a culetazos, por miedo a salir rodando.<\/strong> En el castillo de Marv\u00e3o, por las escaleras iba con mucho cuidado, pero ya en lo alto del castillo, parec\u00eda una viejecina de esas que no pueden con sus pies,<strong> de las que desesperan a los conductores en los pasos de peatones.<\/strong> Los llevaba arrastrando. Ni siquiera alc\u00e9 la vista para disfrutar del paisaje, di la vuelta al cuadrado y <strong>me dispuse a bajar presa del p\u00e1nico que me provocan los lugares altos en los que no veo seguridad.<\/strong><\/p>\n<p><a href=\"\/solitaencaceres\/wp-content\/uploads\/sites\/41\/2013\/11\/Marvao.jpg\"><img loading=\"lazy\" class=\" wp-image-805 alignleft\" title=\"Marv\u00e3o\" src=\"\/solitaencaceres\/wp-content\/uploads\/sites\/41\/2013\/11\/Marvao.jpg\" alt=\"\" width=\"397\" height=\"260\" srcset=\"https:\/\/static-blogs.hoy.es\/wp-content\/uploads\/sites\/41\/2013\/11\/Marvao.jpg 919w, https:\/\/static-blogs.hoy.es\/wp-content\/uploads\/sites\/41\/2013\/11\/Marvao-300x197.jpg 300w, https:\/\/static-blogs.hoy.es\/wp-content\/uploads\/sites\/41\/2013\/11\/Marvao-768x503.jpg 768w\" sizes=\"(max-width: 397px) 100vw, 397px\" \/><\/a>El color del rostro se me hab\u00eda vuelto blanco, <strong>estaba p\u00e1lida,<\/strong> no porque cuanto m\u00e1s alto est\u00e1s m\u00e1s golpea el viento con fuerza, sino porque justo antes de bajar vi que un se\u00f1or, muy valiente \u00e9l, \u00a0se hab\u00eda subido a hacer una foto a la pared de lo alto del castillo. <strong>Me entr\u00f3 mucha angustia pensando que por un descuido o p\u00e9rdida de equilibrio, podr\u00eda caer al vac\u00edo,<\/strong> e igual que hab\u00eda estado rozando el cielo a la altura que est\u00e1bamos, perfectamente podr\u00eda volver a subir a \u00e9l, en el caso de que realmente existiese el ed\u00e9n tras la muerte.<\/p>\n<p><strong>Me vine de Marv\u00e3o un poco mareada, revuelta y con complejo de hormiga, de ser peque\u00f1ito e insignificante que tiene que cuidar sus pasos para no caer al vac\u00edo.\u00a0<\/strong><\/p>\n<p>&nbsp;<\/p>\n<p style=\"text-align: center;\"><a href=\"\/solitaencaceres\/wp-content\/uploads\/sites\/41\/2013\/11\/Marvao3.jpg\"><img loading=\"lazy\" class=\" wp-image-806 aligncenter\" title=\"Marv\u00e3o\" src=\"\/solitaencaceres\/wp-content\/uploads\/sites\/41\/2013\/11\/Marvao3.jpg\" alt=\"\" width=\"553\" height=\"363\" srcset=\"https:\/\/static-blogs.hoy.es\/wp-content\/uploads\/sites\/41\/2013\/11\/Marvao3.jpg 921w, https:\/\/static-blogs.hoy.es\/wp-content\/uploads\/sites\/41\/2013\/11\/Marvao3-300x197.jpg 300w, https:\/\/static-blogs.hoy.es\/wp-content\/uploads\/sites\/41\/2013\/11\/Marvao3-768x504.jpg 768w\" sizes=\"(max-width: 553px) 100vw, 553px\" \/><\/a><\/p>\n<!-- AddThis Advanced Settings generic via filter on the_content --><!-- AddThis Share Buttons generic via filter on the_content -->","protected":false},"excerpt":{"rendered":"<p>El paso de la frontera por Valencia de Alc\u00e1ntara a Marv\u00e3o no deja indiferente a nadie. El cambio de paisaje, las altas rocas que te encuentras a los costados de la carretera te hacen sentir peque\u00f1o, microsc\u00f3pico. Es como una especie de antecedente de lo que te espera. Ya desde Portagem, miras a lo alto [&hellip;]<!-- AddThis Advanced Settings generic via filter on get_the_excerpt --><!-- AddThis Share Buttons generic via filter on get_the_excerpt --><\/p>\n","protected":false},"author":45,"featured_media":0,"comment_status":"open","ping_status":"closed","sticky":false,"template":"","format":"standard","meta":[],"categories":[3],"tags":[156,179,475,660,771,873,1460,1481,1733,2027,2566,2741,2815,3014,3330,3552,3614,4006,4208,4256],"_links":{"self":[{"href":"https:\/\/blogs.hoy.es\/solitaencaceres\/wp-json\/wp\/v2\/posts\/802"}],"collection":[{"href":"https:\/\/blogs.hoy.es\/solitaencaceres\/wp-json\/wp\/v2\/posts"}],"about":[{"href":"https:\/\/blogs.hoy.es\/solitaencaceres\/wp-json\/wp\/v2\/types\/post"}],"author":[{"embeddable":true,"href":"https:\/\/blogs.hoy.es\/solitaencaceres\/wp-json\/wp\/v2\/users\/45"}],"replies":[{"embeddable":true,"href":"https:\/\/blogs.hoy.es\/solitaencaceres\/wp-json\/wp\/v2\/comments?post=802"}],"version-history":[{"count":0,"href":"https:\/\/blogs.hoy.es\/solitaencaceres\/wp-json\/wp\/v2\/posts\/802\/revisions"}],"wp:attachment":[{"href":"https:\/\/blogs.hoy.es\/solitaencaceres\/wp-json\/wp\/v2\/media?parent=802"}],"wp:term":[{"taxonomy":"category","embeddable":true,"href":"https:\/\/blogs.hoy.es\/solitaencaceres\/wp-json\/wp\/v2\/categories?post=802"},{"taxonomy":"post_tag","embeddable":true,"href":"https:\/\/blogs.hoy.es\/solitaencaceres\/wp-json\/wp\/v2\/tags?post=802"}],"curies":[{"name":"wp","href":"https:\/\/api.w.org\/{rel}","templated":true}]}}