{"id":81,"date":"2012-06-22T14:29:37","date_gmt":"2012-06-22T14:29:37","guid":{"rendered":"http:\/\/blogs.hoy.es\/solitaencaceres\/?p=81"},"modified":"2012-06-22T14:29:37","modified_gmt":"2012-06-22T14:29:37","slug":"los-tios-cursis-me-aburren","status":"publish","type":"post","link":"https:\/\/blogs.hoy.es\/solitaencaceres\/2012\/06\/22\/los-tios-cursis-me-aburren\/","title":{"rendered":"Los t\u00edos cursis me aburren"},"content":{"rendered":"<div id=\"attachment_83\" style=\"width: 663px\" class=\"wp-caption aligncenter\"><a href=\"\/solitaencaceres\/wp-content\/uploads\/sites\/41\/2012\/06\/Fotograma-grabado-6.jpg\"><img aria-describedby=\"caption-attachment-83\" loading=\"lazy\" class=\"size-full wp-image-83\" title=\"Alonso grabando C\u00e1ceres Ins\u00f3lita en la Ribera del Marco.\" src=\"\/solitaencaceres\/wp-content\/uploads\/sites\/41\/2012\/06\/Fotograma-grabado-6.jpg\" alt=\"Alonso grabando C\u00e1ceres Ins\u00f3lita en la Ribera del Marco.\" width=\"653\" height=\"368\" srcset=\"https:\/\/static-blogs.hoy.es\/wp-content\/uploads\/sites\/41\/2012\/06\/Fotograma-grabado-6.jpg 1920w, https:\/\/static-blogs.hoy.es\/wp-content\/uploads\/sites\/41\/2012\/06\/Fotograma-grabado-6-300x169.jpg 300w, https:\/\/static-blogs.hoy.es\/wp-content\/uploads\/sites\/41\/2012\/06\/Fotograma-grabado-6-768x432.jpg 768w, https:\/\/static-blogs.hoy.es\/wp-content\/uploads\/sites\/41\/2012\/06\/Fotograma-grabado-6-1024x576.jpg 1024w\" sizes=\"(max-width: 653px) 100vw, 653px\" \/><\/a><p id=\"caption-attachment-83\" class=\"wp-caption-text\">Alonso grabando C\u00e1ceres Ins\u00f3lita en la Ribera del Marco.<\/p><\/div>\n<p>&nbsp;<\/p>\n<p><strong>A Alonso de la Torre<\/strong> le gustan mucho el campo y los paisajes bonitos. <strong>A m\u00ed tambi\u00e9n me gustan<\/strong>, pero en esta \u00e9poca, me comen los bichos. El a\u00f1o pasado, en la entrevista que hicimos a <a href=\"http:\/\/www.hoy.es\/videos\/noticias-de-extremadura\/extremadura\/1226752286001-alonso-torre-entrevista-ildefonso-matamoros-perigallo.html\" target=\"_blank\">Ildefonso Matamoros (El Perigallo)<\/a>, quer\u00edan llevarme a Urgencias al terminar, porque dos d\u00edas antes hab\u00eda estado comiendo en el campo y <strong>ten\u00eda una picadura que no dejaba de crecer y de ponerse roja<\/strong>.<\/p>\n<p>Cuando realizamos <strong>entrevistas por la zona norte de C\u00e1ceres<\/strong>, sobre todo por el Jerte, solemos ir a pasear por el campo despu\u00e9s. De vez en cuando buscamos un sitio agradable, con una garganta cerca, y comemos al aire libre. Alonso disfruta mucho contemplando el paisaje, yo suelo re\u00edrme de \u00e9l. Debo de tener muy poca sensibilidad en ese sentido. La primera vez que sub\u00ed a la <strong>monta\u00f1a de C\u00e1ceres era por la noche<\/strong>, y el paisaje deb\u00eda de ser muy bonito con toda la ciudad iluminada porque estaba con un chico al lado y s\u00e9 que <strong>dec\u00eda muchas cosas cursis<\/strong>. A m\u00ed, sin embargo, me resultaba muy empalagoso y me ten\u00eda aburrida.<\/p>\n<p>Alonso me produce mucha ternura, \u00e9l no dice cosas cursis, pero <strong>le brillan los ojos y se emociona<\/strong>. Cuando fuimos a ver los <a href=\"http:\/\/www.hoy.es\/multimedia\/fotos\/4877.html\" target=\"_blank\">cerezos en flor<\/a>, <strong>yo me desilusion\u00e9 bastante<\/strong>. Hab\u00eda escuchado hablar tanto de ese fen\u00f3meno de la naturaleza que me esperaba algo mucho m\u00e1s impactante. Yo me esperaba unas flores del tama\u00f1o de mi cabeza, brillantes como perlas, no s\u00e9, especiales. Y mientras tanto, <strong>Alonso miraba c\u00f3mo el campo parec\u00eda un manto blanco<\/strong> y sus ojos estaban brillando. A m\u00ed casi me produc\u00eda <strong>m\u00e1s emoci\u00f3n ver a Alonso as\u00ed que mirar los cerezos<\/strong>.<\/p>\n<p>El d\u00eda que entrevistamos a <a href=\"http:\/\/www.hoy.es\/v\/20101226\/regional\/cuando-covatilla-esta-abierta-20101226.html\" target=\"_blank\">Alberto Segade en la<\/a><a href=\"http:\/\/www.hoy.es\/v\/20101226\/regional\/cuando-covatilla-esta-abierta-20101226.html\" target=\"_blank\"> Covatilla<\/a>, nos ocurri\u00f3 algo parecido. Tras terminar la entrevista, yo, como buena adolescente infantil, <strong>quer\u00eda ir a disfrutar de la nieve.<\/strong> Alonso estaba contento porque pensaba que por fin empezaba a madurar y a convertirme en una chica con sensibilidad, pero fue bajarme del coche, coger una bola de nieve y lanz\u00e1rsela a la espalda. Y mientras \u00e9l me re\u00f1\u00eda, como buen hipocondriaco con miedo a constiparse, yo segu\u00eda lanz\u00e1ndole m\u00e1s nieve, y lo peor de todo, no dej\u00e1ndole disfrutar de la belleza del campo blanco.<\/p>\n<p><strong>Desde que entr\u00f3 la primavera, me dan p\u00e1nico las entrevistas en el campo<\/strong>. El a\u00f1o pasado, hicimos una en C\u00e1parra a<a href=\"http:\/\/www.hoy.es\/v\/20110911\/regional\/europa-tiene-idea-dehesa-20110911.html\" target=\"_blank\"> un ganadero ecol\u00f3gico<\/a> y lo pas\u00e9 muy mal, las <strong>avispas me rondaban<\/strong>. Este a\u00f1o parec\u00eda que me estaba salvando, pero ha tenido que ser C\u00e1ceres Ins\u00f3lita en esta ocasi\u00f3n la culpable de mi mala suerte.<\/p>\n<p>Mientras Alonso disfrutaba grabando, se sent\u00eda a gusto, en su terreno, con un guion que hab\u00eda preparado con mucha ilusi\u00f3n, yo me quitaba los bichos de encima como pod\u00eda, se me mov\u00eda la c\u00e1mara y le destrozaba la grabaci\u00f3n. Al menos, al llegar a casa y ver el material tan bueno que ten\u00eda, sent\u00ed que el esfuerzo hab\u00eda merecido la pena y que pasar\u00eda toda la noche rasc\u00e1ndome los brazos y las piernas, pero \u201c<strong><a href=\"http:\/\/www.hoy.es\/videos\/noticias-de-extremadura\/extremadura\/1701879054001-caceres-insolita-caceres-tiene.html\" target=\"_blank\">C\u00e1ceres s\u00ed tiene r\u00edo<\/a><\/strong>\u201d, que as\u00ed se llama el<a href=\"http:\/\/www.hoy.es\/videos\/a-fondo\/caceres-insolita\/\" target=\"_blank\"> <strong>C\u00e1ceres Ins\u00f3lita<\/strong><\/a> de esta semana, ser\u00eda un <strong>reportaje bonito<\/strong>.<\/p>\n<p style=\"text-align: center;\">\n<!-- AddThis Advanced Settings generic via filter on the_content --><!-- AddThis Share Buttons generic via filter on the_content -->","protected":false},"excerpt":{"rendered":"<p>&nbsp; A Alonso de la Torre le gustan mucho el campo y los paisajes bonitos. A m\u00ed tambi\u00e9n me gustan, pero en esta \u00e9poca, me comen los bichos. El a\u00f1o pasado, en la entrevista que hicimos a Ildefonso Matamoros (El Perigallo), quer\u00edan llevarme a Urgencias al terminar, porque dos d\u00edas antes hab\u00eda estado comiendo en [&hellip;]<!-- AddThis Advanced Settings generic via filter on get_the_excerpt --><!-- AddThis Share Buttons generic via filter on get_the_excerpt --><\/p>\n","protected":false},"author":45,"featured_media":0,"comment_status":"open","ping_status":"closed","sticky":false,"template":"","format":"standard","meta":[],"categories":[3],"tags":[144,174,582,697,811,1074,1316,1819,2063,2174,2902,3180],"_links":{"self":[{"href":"https:\/\/blogs.hoy.es\/solitaencaceres\/wp-json\/wp\/v2\/posts\/81"}],"collection":[{"href":"https:\/\/blogs.hoy.es\/solitaencaceres\/wp-json\/wp\/v2\/posts"}],"about":[{"href":"https:\/\/blogs.hoy.es\/solitaencaceres\/wp-json\/wp\/v2\/types\/post"}],"author":[{"embeddable":true,"href":"https:\/\/blogs.hoy.es\/solitaencaceres\/wp-json\/wp\/v2\/users\/45"}],"replies":[{"embeddable":true,"href":"https:\/\/blogs.hoy.es\/solitaencaceres\/wp-json\/wp\/v2\/comments?post=81"}],"version-history":[{"count":0,"href":"https:\/\/blogs.hoy.es\/solitaencaceres\/wp-json\/wp\/v2\/posts\/81\/revisions"}],"wp:attachment":[{"href":"https:\/\/blogs.hoy.es\/solitaencaceres\/wp-json\/wp\/v2\/media?parent=81"}],"wp:term":[{"taxonomy":"category","embeddable":true,"href":"https:\/\/blogs.hoy.es\/solitaencaceres\/wp-json\/wp\/v2\/categories?post=81"},{"taxonomy":"post_tag","embeddable":true,"href":"https:\/\/blogs.hoy.es\/solitaencaceres\/wp-json\/wp\/v2\/tags?post=81"}],"curies":[{"name":"wp","href":"https:\/\/api.w.org\/{rel}","templated":true}]}}