{"id":812,"date":"2013-11-15T09:00:26","date_gmt":"2013-11-15T09:00:26","guid":{"rendered":"http:\/\/blogs.hoy.es\/solitaencaceres\/?p=812"},"modified":"2013-11-15T09:00:26","modified_gmt":"2013-11-15T09:00:26","slug":"pista-si-carpa-no","status":"publish","type":"post","link":"https:\/\/blogs.hoy.es\/solitaencaceres\/2013\/11\/15\/pista-si-carpa-no\/","title":{"rendered":"Pista s\u00ed, carpa no"},"content":{"rendered":"<p style=\"text-align: center;\"><a href=\"\/solitaencaceres\/wp-content\/uploads\/sites\/41\/2013\/11\/DSC_2078.jpg\"><img loading=\"lazy\" class=\"wp-image-813 aligncenter\" title=\"Carpa blanca ocupando la Plaza Mayor\" src=\"\/solitaencaceres\/wp-content\/uploads\/sites\/41\/2013\/11\/DSC_2078.jpg\" alt=\"\" width=\"635\" height=\"357\" srcset=\"https:\/\/static-blogs.hoy.es\/wp-content\/uploads\/sites\/41\/2013\/11\/DSC_2078.jpg 3264w, https:\/\/static-blogs.hoy.es\/wp-content\/uploads\/sites\/41\/2013\/11\/DSC_2078-300x169.jpg 300w, https:\/\/static-blogs.hoy.es\/wp-content\/uploads\/sites\/41\/2013\/11\/DSC_2078-768x432.jpg 768w, https:\/\/static-blogs.hoy.es\/wp-content\/uploads\/sites\/41\/2013\/11\/DSC_2078-1024x576.jpg 1024w\" sizes=\"(max-width: 635px) 100vw, 635px\" \/><\/a><\/p>\n<p>El a\u00f1o pasado, <strong>la gran carpa blanca que ocupaba parte de la Plaza Mayor en Navidades se carg\u00f3 mi afici\u00f3n por sentarme a leer en las escaleras.<\/strong> Desde septiembre hab\u00eda cogido la costumbre de<strong> hacer del Arco de la Estrella mi cobijo literario<\/strong>, con un entorno perfecto: unas vistas incre\u00edbles, el ruido de fondo de los ni\u00f1os peque\u00f1os correteando, otros m\u00e1s mayores con skates haciendo piruetas en las fuentes, parejas paseando, turistas fotografiando, palomas volando&#8230;<strong> y otros muchos rom\u00e1nticos como yo que disfrutaban de la lectura en un entorno tan privilegiado.<\/strong><\/p>\n<p>Sin embargo, una tarde me sent\u00e9 en lo alto de las escaleras a leer <strong>Sue\u00f1o de una noche de verano<\/strong> y lo que tuve fue <strong>una gran pesadilla: mi ambiente id\u00edlico hab\u00eda desaparecido.<\/strong> La mayor parte de mi visi\u00f3n la ocupaba <strong>una gran lona blanca, muy fea, sin gracia, que solo me dejaba entrever los balcones m\u00e1s elevados de los portales de la plaza.<\/strong> El ruido de fondo ya no era tranquilo. S\u00ed, se escuchaban ni\u00f1os, pero pegando voces, gritando, con eco, como risas enlatadas, y si a eso le sumamos<strong> la m\u00fasica tan estruendosa que se reproduc\u00eda, m\u00e1s que parecer la Plaza de una Ciudad Patrimonio de la Humanidad, parec\u00eda que estuvi\u00e9semos a las afueras, en el ferial.<\/strong> Un ambiente no apto para dejarse llevar por la literatura.<\/p>\n<p>Cuando mi hermano vino a pasar una semana conmigo en Navidades a C\u00e1ceres, la mayor\u00eda de los d\u00edas <strong>termin\u00e1bamos dentro de la carpa viendo a la gente patinar.<\/strong> A los ni\u00f1os les atrae lo llamativo, las luces de los cacharritos, el ruido. Alg\u00fan d\u00eda incluso nos atrevimos a<strong> meternos en la pista.<\/strong> Pero ser part\u00edcipe de una actividad divertida de la que estamos a favor las personas a las que no nos gusta la carpa blanca, no quiere decir que estemos de acuerdo con que se vuelva a poner otra vez la lona. <strong>El precio est\u00e9tico que tenemos que pagar por disfrutar de la pista de hielo es excesivo.<\/strong> Podr\u00edan instalarla en la<strong> plaza de toros<\/strong> como hace a\u00f1os o ponerla en la <strong>Plaza Mayo<\/strong>r, pero haciendo un esfuerzo para que quede al aire libre. <strong>Quedar\u00eda muy navide\u00f1o, a la vez que ex\u00f3tico, y se acabar\u00eda la pol\u00e9mica.\u00a0<\/strong><\/p>\n<!-- AddThis Advanced Settings generic via filter on the_content --><!-- AddThis Share Buttons generic via filter on the_content -->","protected":false},"excerpt":{"rendered":"<p>El a\u00f1o pasado, la gran carpa blanca que ocupaba parte de la Plaza Mayor en Navidades se carg\u00f3 mi afici\u00f3n por sentarme a leer en las escaleras. Desde septiembre hab\u00eda cogido la costumbre de hacer del Arco de la Estrella mi cobijo literario, con un entorno perfecto: unas vistas incre\u00edbles, el ruido de fondo de [&hellip;]<!-- AddThis Advanced Settings generic via filter on get_the_excerpt --><!-- AddThis Share Buttons generic via filter on get_the_excerpt --><\/p>\n","protected":false},"author":45,"featured_media":0,"comment_status":"open","ping_status":"closed","sticky":false,"template":"","format":"standard","meta":[],"categories":[3],"tags":[277,376,577,584,735,736,895,1478,1665,2354,2406,2433,2826,2846,2866,3112,3244,3246,3279,3287,3289,3306,3331,3645,3878,4126],"_links":{"self":[{"href":"https:\/\/blogs.hoy.es\/solitaencaceres\/wp-json\/wp\/v2\/posts\/812"}],"collection":[{"href":"https:\/\/blogs.hoy.es\/solitaencaceres\/wp-json\/wp\/v2\/posts"}],"about":[{"href":"https:\/\/blogs.hoy.es\/solitaencaceres\/wp-json\/wp\/v2\/types\/post"}],"author":[{"embeddable":true,"href":"https:\/\/blogs.hoy.es\/solitaencaceres\/wp-json\/wp\/v2\/users\/45"}],"replies":[{"embeddable":true,"href":"https:\/\/blogs.hoy.es\/solitaencaceres\/wp-json\/wp\/v2\/comments?post=812"}],"version-history":[{"count":0,"href":"https:\/\/blogs.hoy.es\/solitaencaceres\/wp-json\/wp\/v2\/posts\/812\/revisions"}],"wp:attachment":[{"href":"https:\/\/blogs.hoy.es\/solitaencaceres\/wp-json\/wp\/v2\/media?parent=812"}],"wp:term":[{"taxonomy":"category","embeddable":true,"href":"https:\/\/blogs.hoy.es\/solitaencaceres\/wp-json\/wp\/v2\/categories?post=812"},{"taxonomy":"post_tag","embeddable":true,"href":"https:\/\/blogs.hoy.es\/solitaencaceres\/wp-json\/wp\/v2\/tags?post=812"}],"curies":[{"name":"wp","href":"https:\/\/api.w.org\/{rel}","templated":true}]}}