{"id":826,"date":"2013-12-07T11:33:37","date_gmt":"2013-12-07T11:33:37","guid":{"rendered":"http:\/\/blogs.hoy.es\/solitaencaceres\/?p=826"},"modified":"2013-12-07T11:33:37","modified_gmt":"2013-12-07T11:33:37","slug":"el-peso-y-lapesa","status":"publish","type":"post","link":"https:\/\/blogs.hoy.es\/solitaencaceres\/2013\/12\/07\/el-peso-y-lapesa\/","title":{"rendered":"El peso y Lapesa"},"content":{"rendered":"<p style=\"text-align: center;\"><a href=\"\/solitaencaceres\/wp-content\/uploads\/sites\/41\/2013\/12\/Libros1.jpg\"><img loading=\"lazy\" class=\"aligncenter  wp-image-827\" title=\"Libros\" src=\"\/solitaencaceres\/wp-content\/uploads\/sites\/41\/2013\/12\/Libros1.jpg\" alt=\"\" width=\"431\" height=\"646\" srcset=\"https:\/\/static-blogs.hoy.es\/wp-content\/uploads\/sites\/41\/2013\/12\/Libros1.jpg 2848w, https:\/\/static-blogs.hoy.es\/wp-content\/uploads\/sites\/41\/2013\/12\/Libros1-200x300.jpg 200w, https:\/\/static-blogs.hoy.es\/wp-content\/uploads\/sites\/41\/2013\/12\/Libros1-768x1152.jpg 768w, https:\/\/static-blogs.hoy.es\/wp-content\/uploads\/sites\/41\/2013\/12\/Libros1-683x1024.jpg 683w\" sizes=\"(max-width: 431px) 100vw, 431px\" \/><\/a><\/p>\n<p>Soy de esas personas que valoran m\u00e1s el n\u00famero de p\u00e1ginas de un libro que lo interesante que haya podido o\u00edr que es su contenido. Veo un libro &#8216;tocho&#8217;, gordo, y <strong>no puedo evitar pensar que por muy atractivo que sea, me esperan unas buenas agujetas en los brazos de tenerlo sostenido.<\/strong> Porque, a pesar de que se diga que los de letras no hacemos esfuerzo f\u00edsico, <strong>hay d\u00edas que preferir\u00eda tener que hacer ejercicios con las mancuernas con un peso por encima de mis posibilidades<\/strong> a coger la <strong>Historia de la Lengua Espa\u00f1ola de Cano o Lapesa<\/strong>, y sobre todo la del primero, a pesar de que <strong>el segundo acojone m\u00e1s por su apellido.<\/strong><\/p>\n<p>Dentro de unas horas, estar\u00e9 cogiendo un autob\u00fas rumbo al pueblo para pasar el puente. El a\u00f1o pasado por estas fechas, tuve un viaje hasta Arroyo un tanto particular: <strong>con una pecera llena de agua con dos peces dentro.<\/strong> Fue un trayecto terrible, no solo montada y en curvas, sino tambi\u00e9n andando con el bote de pl\u00e1stico en la mano. Termin\u00f3 habiendo<strong> m\u00e1s agua en mis pantalones que dentro del peque\u00f1o acuario.<\/strong> No s\u00e9 c\u00f3mo los pobres pececitos naranja consiguieron sobrevivir a tantos movimientos. Sin embargo, el trayecto de hoy me da m\u00e1s miedo, y no tanto por la ida en bus, sino por la llegada hasta \u00e9l y la bajada de vuelta a casa. Porque, irse a pasar el finde al pueblo, por muy relajante que suene, m\u00e1s bien lo que quiere decir es que me voy para intentar hacer algo de provecho y terminar de ponerme al d\u00eda con los trabajos y ejercicios de clase antes de las vacaciones, pues si me quedo en C\u00e1ceres,<strong> terminar\u00eda metiendo a Cano y a Lapesa debajo de una mesa coja y no vi\u00e9ndoles el pelo.<\/strong> S\u00ed, ser\u00eda dif\u00edcil hallar una mesa con semejante cojera, pero ya la encontrar\u00eda.<\/p>\n<p>Mi duda ahora es si coger la maleta y meter los dos libros en ella, o<strong> atreverme a llevarlos en una bolsa<\/strong>, teniendo en cuenta que tambi\u00e9n tengo que <strong>cargar con ropa para cuatro d\u00edas, port\u00e1til y c\u00e1mara.<\/strong> Para que os hag\u00e1is una idea, pues no creo que mucha gente haya le\u00eddo estos libros<strong>, son de grandes como mi cabeza, y de gruesos, uno como mi antebrazo y el otro como mi pierna, m\u00e1s de la rodilla para arriba que para abajo<\/strong>. Estoy aterrada con el trayecto que me espera, <strong>m\u00e1s que cuando viv\u00eda en lo alto de la cuesta de la calle Juan XXIII y se me iba de las manos la compra en Gil Cordero.\u00a0<\/strong><\/p>\n<!-- AddThis Advanced Settings generic via filter on the_content --><!-- AddThis Share Buttons generic via filter on the_content -->","protected":false},"excerpt":{"rendered":"<p>Soy de esas personas que valoran m\u00e1s el n\u00famero de p\u00e1ginas de un libro que lo interesante que haya podido o\u00edr que es su contenido. Veo un libro &#8216;tocho&#8217;, gordo, y no puedo evitar pensar que por muy atractivo que sea, me esperan unas buenas agujetas en los brazos de tenerlo sostenido. Porque, a pesar [&hellip;]<!-- AddThis Advanced Settings generic via filter on get_the_excerpt --><!-- AddThis Share Buttons generic via filter on get_the_excerpt --><\/p>\n","protected":false},"author":45,"featured_media":0,"comment_status":"open","ping_status":"closed","sticky":false,"template":"","format":"standard","meta":[],"categories":[3],"tags":[91,133,250,294,335,577,623,688,729,1039,1379,1856,1878,2007,2323,2379,2504,2512,3127,3128,3202,3447,3834,4025],"_links":{"self":[{"href":"https:\/\/blogs.hoy.es\/solitaencaceres\/wp-json\/wp\/v2\/posts\/826"}],"collection":[{"href":"https:\/\/blogs.hoy.es\/solitaencaceres\/wp-json\/wp\/v2\/posts"}],"about":[{"href":"https:\/\/blogs.hoy.es\/solitaencaceres\/wp-json\/wp\/v2\/types\/post"}],"author":[{"embeddable":true,"href":"https:\/\/blogs.hoy.es\/solitaencaceres\/wp-json\/wp\/v2\/users\/45"}],"replies":[{"embeddable":true,"href":"https:\/\/blogs.hoy.es\/solitaencaceres\/wp-json\/wp\/v2\/comments?post=826"}],"version-history":[{"count":0,"href":"https:\/\/blogs.hoy.es\/solitaencaceres\/wp-json\/wp\/v2\/posts\/826\/revisions"}],"wp:attachment":[{"href":"https:\/\/blogs.hoy.es\/solitaencaceres\/wp-json\/wp\/v2\/media?parent=826"}],"wp:term":[{"taxonomy":"category","embeddable":true,"href":"https:\/\/blogs.hoy.es\/solitaencaceres\/wp-json\/wp\/v2\/categories?post=826"},{"taxonomy":"post_tag","embeddable":true,"href":"https:\/\/blogs.hoy.es\/solitaencaceres\/wp-json\/wp\/v2\/tags?post=826"}],"curies":[{"name":"wp","href":"https:\/\/api.w.org\/{rel}","templated":true}]}}