{"id":834,"date":"2013-12-16T09:30:51","date_gmt":"2013-12-16T09:30:51","guid":{"rendered":"http:\/\/blogs.hoy.es\/solitaencaceres\/?p=834"},"modified":"2013-12-16T09:30:51","modified_gmt":"2013-12-16T09:30:51","slug":"el-dia-de-la-orla","status":"publish","type":"post","link":"https:\/\/blogs.hoy.es\/solitaencaceres\/2013\/12\/16\/el-dia-de-la-orla\/","title":{"rendered":"El d\u00eda de la orla"},"content":{"rendered":"<p style=\"text-align: center;\"><a href=\"\/solitaencaceres\/wp-content\/uploads\/sites\/41\/2013\/12\/orla.jpg\"><img loading=\"lazy\" class=\"aligncenter  wp-image-835\" title=\"Foto orla\" src=\"\/solitaencaceres\/wp-content\/uploads\/sites\/41\/2013\/12\/orla.jpg\" alt=\"\" width=\"318\" height=\"320\" srcset=\"https:\/\/static-blogs.hoy.es\/wp-content\/uploads\/sites\/41\/2013\/12\/orla.jpg 397w, https:\/\/static-blogs.hoy.es\/wp-content\/uploads\/sites\/41\/2013\/12\/orla-150x150.jpg 150w, https:\/\/static-blogs.hoy.es\/wp-content\/uploads\/sites\/41\/2013\/12\/orla-298x300.jpg 298w\" sizes=\"(max-width: 318px) 100vw, 318px\" \/><\/a><\/p>\n<p>Hacerse<strong> la foto de la orla<\/strong> es una de las cosas m\u00e1s importantes del \u00faltimo curso de carrera, casi m\u00e1s que te toque el trabajo de fin de grado que te apetec\u00eda realizar. Es ese momento en el que dices: <strong>&#8220;Se me ha pasado volando el tiempo&#8221;<\/strong>. Y es verdad, porque la mayor\u00eda de los estudiantes, muy al contrario que en la etapa del instituto o de la escuela, estamos de acuerdo en que <strong>los a\u00f1os de carrera pasan a toda velocidad<\/strong> y, cuando quieres darte cuenta, est\u00e1n llegando a su fin.<\/p>\n<p>La foto de la orla, aunque parezca que no, tiene que estar <strong>m\u00e1s que perfecta porque tu cara va a quedar para la posteridad en casas de abuelas, madres, t\u00edas, amigas&#8230; y en la cafeter\u00eda de tu facultad,<\/strong> donde futuras generaciones de estudiantes de tu carrera se fijar\u00e1n en vuestras caras, <strong>buscando imperfecciones para re\u00edrse y pasar un rato agradable,<\/strong> cosa que aunque nos ruborice y sea duro reconocerlo, todos hemos hecho alguna vez.<\/p>\n<p>Lo malo de &#8216;El d\u00eda de la foto&#8217; es que no sabes<strong> con qu\u00e9 cara te vas a levantar, ni si vas a tener la regla, ni siquiera si vas a dormir bien esa noche.<\/strong> A casi todas las chicas, unos d\u00edas antes de la menstruaci\u00f3n, nos salen <strong>un par de granitos en la cara.<\/strong> Y a ver c\u00f3mo se pone de acuerdo a 20 mujeres para que a ninguna le coincida con &#8216;esa fecha&#8217;. Tambi\u00e9n<strong> influye mucho si est\u00e1s constipada, con la nariz y labios hostigados, si tienes jaqueca, o si has dormido o no la noche anterior<\/strong>, porque salir con ojeras, derrames en los ojos, vista cansada, calenturas&#8230; no mola nada. Y luego est\u00e1 el tema del maquillaje, <strong>que si te encuentras mal, la piel se lo come y desaparece, dando casi una imagen m\u00e1s desagradable a\u00fan.<\/strong><\/p>\n<p>A m\u00ed, el d\u00eda que me hice la foto, se me juntaron varios factores: <strong>me hab\u00edan salido un par de granitos imposibles de tapar en la cara, no hab\u00eda dormido y, para colmo, estaba lloviendo, factor que consigue que los cabellos lisos se transformen en cabelleras de leonas.<\/strong> Pero lo peor de todo es que, cuando estoy cansada, disimular mi ojo vago, teniendo que mirar en una foto de frente, e<strong>s casi m\u00e1s dif\u00edcil que leerme el libro de Bel\u00e9n Esteban.<\/strong> Vamos, que ni con Photoshop se salva mi foto.<\/p>\n<p>Al menos, me consuela pensar que nuevas generaciones de estudiantes de mi facultad, cada vez que vean mi careto en la cafeter\u00eda,<strong> tendr\u00e1n un rato de diversi\u00f3n e iron\u00eda a mi costa.<\/strong> Casi tan buen rato como el que tengo yo cuando ironizo con mis amigos <strong>sobre las siete ediciones que lleva Bel\u00e9n Esteban vendidas.<\/strong> No hay mejor terapia que la risa.<\/p>\n<!-- AddThis Advanced Settings generic via filter on the_content --><!-- AddThis Share Buttons generic via filter on the_content -->","protected":false},"excerpt":{"rendered":"<p>Hacerse la foto de la orla es una de las cosas m\u00e1s importantes del \u00faltimo curso de carrera, casi m\u00e1s que te toque el trabajo de fin de grado que te apetec\u00eda realizar. Es ese momento en el que dices: &#8220;Se me ha pasado volando el tiempo&#8221;. Y es verdad, porque la mayor\u00eda de los [&hellip;]<!-- AddThis Advanced Settings generic via filter on get_the_excerpt --><!-- AddThis Share Buttons generic via filter on get_the_excerpt --><\/p>\n","protected":false},"author":45,"featured_media":0,"comment_status":"open","ping_status":"closed","sticky":false,"template":"","format":"standard","meta":[],"categories":[3],"tags":[],"_links":{"self":[{"href":"https:\/\/blogs.hoy.es\/solitaencaceres\/wp-json\/wp\/v2\/posts\/834"}],"collection":[{"href":"https:\/\/blogs.hoy.es\/solitaencaceres\/wp-json\/wp\/v2\/posts"}],"about":[{"href":"https:\/\/blogs.hoy.es\/solitaencaceres\/wp-json\/wp\/v2\/types\/post"}],"author":[{"embeddable":true,"href":"https:\/\/blogs.hoy.es\/solitaencaceres\/wp-json\/wp\/v2\/users\/45"}],"replies":[{"embeddable":true,"href":"https:\/\/blogs.hoy.es\/solitaencaceres\/wp-json\/wp\/v2\/comments?post=834"}],"version-history":[{"count":0,"href":"https:\/\/blogs.hoy.es\/solitaencaceres\/wp-json\/wp\/v2\/posts\/834\/revisions"}],"wp:attachment":[{"href":"https:\/\/blogs.hoy.es\/solitaencaceres\/wp-json\/wp\/v2\/media?parent=834"}],"wp:term":[{"taxonomy":"category","embeddable":true,"href":"https:\/\/blogs.hoy.es\/solitaencaceres\/wp-json\/wp\/v2\/categories?post=834"},{"taxonomy":"post_tag","embeddable":true,"href":"https:\/\/blogs.hoy.es\/solitaencaceres\/wp-json\/wp\/v2\/tags?post=834"}],"curies":[{"name":"wp","href":"https:\/\/api.w.org\/{rel}","templated":true}]}}