{"id":836,"date":"2013-12-22T14:49:15","date_gmt":"2013-12-22T14:49:15","guid":{"rendered":"http:\/\/blogs.hoy.es\/solitaencaceres\/?p=836"},"modified":"2013-12-22T14:49:15","modified_gmt":"2013-12-22T14:49:15","slug":"el-castillo-de-luna-la-sala-de-los-susurros-y-el-retrete","status":"publish","type":"post","link":"https:\/\/blogs.hoy.es\/solitaencaceres\/2013\/12\/22\/el-castillo-de-luna-la-sala-de-los-susurros-y-el-retrete\/","title":{"rendered":"El Castillo de Luna, &#039;la sala de los susurros&#039; y el retrete"},"content":{"rendered":"<p style=\"text-align: center;\"><a href=\"\/solitaencaceres\/wp-content\/uploads\/sites\/41\/2013\/12\/Albur3.jpg\"><img loading=\"lazy\" class=\"aligncenter  wp-image-837\" title=\"Castillo de Luna\" src=\"\/solitaencaceres\/wp-content\/uploads\/sites\/41\/2013\/12\/Albur3.jpg\" alt=\"\" width=\"499\" height=\"332\" srcset=\"https:\/\/static-blogs.hoy.es\/wp-content\/uploads\/sites\/41\/2013\/12\/Albur3.jpg 4272w, https:\/\/static-blogs.hoy.es\/wp-content\/uploads\/sites\/41\/2013\/12\/Albur3-300x200.jpg 300w, https:\/\/static-blogs.hoy.es\/wp-content\/uploads\/sites\/41\/2013\/12\/Albur3-768x512.jpg 768w, https:\/\/static-blogs.hoy.es\/wp-content\/uploads\/sites\/41\/2013\/12\/Albur3-1024x683.jpg 1024w\" sizes=\"(max-width: 499px) 100vw, 499px\" \/><\/a><\/p>\n<p>Este a\u00f1o he ido tres veces a<strong> Alburquerque,<\/strong> un pueblo precioso que hasta no hace mucho pensaba que era de la provincia de C\u00e1ceres, por la cercan\u00eda con el m\u00edo (Arroyo). Un pueblo del que siempre me han llamado la atenci\u00f3n <strong>sus naranjos tan bien situados, las macetas que adornan sus calles, lo empinadas que son estas, la cantidad de gatos que las habitan, las puertas de las casas de madera, y sobre todo, su castillo.<\/strong> Sin embargo, siempre me ven\u00eda de las visitas culturales que hac\u00eda un poco triste, me faltaba algo.<\/p>\n<p><a href=\"\/solitaencaceres\/wp-content\/uploads\/sites\/41\/2013\/12\/Albur5.jpg\"><img loading=\"lazy\" class=\"alignright  wp-image-838\" title=\"Castillo de Luna\" src=\"\/solitaencaceres\/wp-content\/uploads\/sites\/41\/2013\/12\/Albur5.jpg\" alt=\"\" width=\"404\" height=\"269\" srcset=\"https:\/\/static-blogs.hoy.es\/wp-content\/uploads\/sites\/41\/2013\/12\/Albur5.jpg 4272w, https:\/\/static-blogs.hoy.es\/wp-content\/uploads\/sites\/41\/2013\/12\/Albur5-300x200.jpg 300w, https:\/\/static-blogs.hoy.es\/wp-content\/uploads\/sites\/41\/2013\/12\/Albur5-768x512.jpg 768w, https:\/\/static-blogs.hoy.es\/wp-content\/uploads\/sites\/41\/2013\/12\/Albur5-1024x683.jpg 1024w\" sizes=\"(max-width: 404px) 100vw, 404px\" \/><\/a><\/p>\n<p>Ver el <strong>Castillo de Luna<\/strong> desde fuera es bonito, fotografiarlo de noche, una pasada, pero <strong>poder visitarlo por dentro y justo a la hora en la que est\u00e1 cayendo el sol, al atardecer, es una delicia para los sentidos, un placer sobre todo, para los ojos.<\/strong> Ayer, por fin, tuve la suerte de poder deleitarme durante la hora que dur\u00f3 la visita guiada d\u00e1ndole ca\u00f1a al obturador, qued\u00e1ndome la \u00faltima del grupo para poder tomar instant\u00e1neas <strong>mientras escuchaba la historia de Alburquerque, su desconocido origen y por la cantidad de manos que hab\u00eda pasado su castillo.<\/strong><\/p>\n<p>&nbsp;<\/p>\n<p><a href=\"\/solitaencaceres\/wp-content\/uploads\/sites\/41\/2013\/12\/Albur6.jpg\"><img loading=\"lazy\" class=\"alignleft  wp-image-839\" title=\"Castillo de Luna\" src=\"\/solitaencaceres\/wp-content\/uploads\/sites\/41\/2013\/12\/Albur6.jpg\" alt=\"\" width=\"354\" height=\"236\" srcset=\"https:\/\/static-blogs.hoy.es\/wp-content\/uploads\/sites\/41\/2013\/12\/Albur6.jpg 4272w, https:\/\/static-blogs.hoy.es\/wp-content\/uploads\/sites\/41\/2013\/12\/Albur6-300x200.jpg 300w, https:\/\/static-blogs.hoy.es\/wp-content\/uploads\/sites\/41\/2013\/12\/Albur6-768x512.jpg 768w, https:\/\/static-blogs.hoy.es\/wp-content\/uploads\/sites\/41\/2013\/12\/Albur6-1024x683.jpg 1024w\" sizes=\"(max-width: 354px) 100vw, 354px\" \/><\/a><\/p>\n<p>Desde dentro, impresiona mucho el <strong>grosor de los muros de la fortaleza, sus dimensiones y la profundidad de las mazmorras.<\/strong> Aunque hay dos cosas por encima de todo que a m\u00ed me llamaron la atenci\u00f3n: una especie de<strong> retrete al aire libre en lo alto de la torre<\/strong>, desde el que los excrementos ca\u00edan al vac\u00edo, no apto para cobardes ni para personas con miedo a las alturas; y una habitaci\u00f3n denominada<strong> &#8216;La sala de los susurros&#8217;.<\/strong><\/p>\n<p>Soy tan esc\u00e9ptica que si no lo hubiese comprobado, tal vez no me habr\u00eda llamado la atenci\u00f3n, no lo habr\u00eda cre\u00eddo, me habr\u00eda parecido <strong>un fen\u00f3meno t\u00edpico de Iker Jim\u00e9nez,<\/strong> pero el hecho de poder comunicarme <strong>de cara a una esquina de la habitaci\u00f3n<\/strong> con un ni\u00f1o desconocido en la misma posici\u00f3n que yo, situado en diagonal en la esquina opuesta y sentirlo <strong>como si me estuviese hablando al o\u00eddo,<\/strong> como si formase parte del muro, sobra para darle veracidad a &#8216;La sala de los susurros&#8217;, que podr\u00eda venir a ser<strong> el Whatsapp de la \u00e9poca.<\/strong> Claro&#8230; ahora entiendo lo del retrete al aire libre&#8230; para llevarse el emoticono de la caca puesto.<\/p>\n<p style=\"text-align: center;\"><a href=\"\/solitaencaceres\/wp-content\/uploads\/sites\/41\/2013\/12\/albu.jpg\"><img loading=\"lazy\" class=\"aligncenter  wp-image-840\" title=\"Castillo de Luna\" src=\"\/solitaencaceres\/wp-content\/uploads\/sites\/41\/2013\/12\/albu.jpg\" alt=\"\" width=\"287\" height=\"431\" srcset=\"https:\/\/static-blogs.hoy.es\/wp-content\/uploads\/sites\/41\/2013\/12\/albu.jpg 410w, https:\/\/static-blogs.hoy.es\/wp-content\/uploads\/sites\/41\/2013\/12\/albu-200x300.jpg 200w\" sizes=\"(max-width: 287px) 100vw, 287px\" \/><\/a><\/p>\n<!-- AddThis Advanced Settings generic via filter on the_content --><!-- AddThis Share Buttons generic via filter on the_content -->","protected":false},"excerpt":{"rendered":"<p>Este a\u00f1o he ido tres veces a Alburquerque, un pueblo precioso que hasta no hace mucho pensaba que era de la provincia de C\u00e1ceres, por la cercan\u00eda con el m\u00edo (Arroyo). Un pueblo del que siempre me han llamado la atenci\u00f3n sus naranjos tan bien situados, las macetas que adornan sus calles, lo empinadas que [&hellip;]<!-- AddThis Advanced Settings generic via filter on get_the_excerpt --><!-- AddThis Share Buttons generic via filter on get_the_excerpt --><\/p>\n","protected":false},"author":45,"featured_media":0,"comment_status":"open","ping_status":"closed","sticky":false,"template":"","format":"standard","meta":[],"categories":[3],"tags":[146,317,577,771,772,1252,1410,1733,1839,1919,1949,2078,2295,2480,2584,2818,2838,3583,4054,4300,4332],"_links":{"self":[{"href":"https:\/\/blogs.hoy.es\/solitaencaceres\/wp-json\/wp\/v2\/posts\/836"}],"collection":[{"href":"https:\/\/blogs.hoy.es\/solitaencaceres\/wp-json\/wp\/v2\/posts"}],"about":[{"href":"https:\/\/blogs.hoy.es\/solitaencaceres\/wp-json\/wp\/v2\/types\/post"}],"author":[{"embeddable":true,"href":"https:\/\/blogs.hoy.es\/solitaencaceres\/wp-json\/wp\/v2\/users\/45"}],"replies":[{"embeddable":true,"href":"https:\/\/blogs.hoy.es\/solitaencaceres\/wp-json\/wp\/v2\/comments?post=836"}],"version-history":[{"count":0,"href":"https:\/\/blogs.hoy.es\/solitaencaceres\/wp-json\/wp\/v2\/posts\/836\/revisions"}],"wp:attachment":[{"href":"https:\/\/blogs.hoy.es\/solitaencaceres\/wp-json\/wp\/v2\/media?parent=836"}],"wp:term":[{"taxonomy":"category","embeddable":true,"href":"https:\/\/blogs.hoy.es\/solitaencaceres\/wp-json\/wp\/v2\/categories?post=836"},{"taxonomy":"post_tag","embeddable":true,"href":"https:\/\/blogs.hoy.es\/solitaencaceres\/wp-json\/wp\/v2\/tags?post=836"}],"curies":[{"name":"wp","href":"https:\/\/api.w.org\/{rel}","templated":true}]}}