{"id":84,"date":"2012-06-24T22:42:53","date_gmt":"2012-06-24T22:42:53","guid":{"rendered":"http:\/\/blogs.hoy.es\/solitaencaceres\/?p=84"},"modified":"2012-06-24T22:42:53","modified_gmt":"2012-06-24T22:42:53","slug":"vivo-en-la-calle-soledad","status":"publish","type":"post","link":"https:\/\/blogs.hoy.es\/solitaencaceres\/2012\/06\/24\/vivo-en-la-calle-soledad\/","title":{"rendered":"Vivo en la calle Soledad"},"content":{"rendered":"<p style=\"text-align: center;\"><a href=\"\/solitaencaceres\/wp-content\/uploads\/sites\/41\/2012\/06\/soledad.png\"><img loading=\"lazy\" class=\"size-full wp-image-85 aligncenter\" src=\"\/solitaencaceres\/wp-content\/uploads\/sites\/41\/2012\/06\/soledad.png\" alt=\"\" width=\"623\" height=\"361\" srcset=\"https:\/\/static-blogs.hoy.es\/wp-content\/uploads\/sites\/41\/2012\/06\/soledad.png 692w, https:\/\/static-blogs.hoy.es\/wp-content\/uploads\/sites\/41\/2012\/06\/soledad-300x174.png 300w\" sizes=\"(max-width: 623px) 100vw, 623px\" \/><\/a><\/p>\n<div class=\"mceTemp mceIEcenter\">\n<dl id=\"attachment_85\" class=\"wp-caption aligncenter\" style=\"width: 702px;\">\n<dd class=\"wp-caption-dd\">De fiesta con mis amigas en el pol\u00edgono de Arroyo<\/dd>\n<\/dl>\n<\/div>\n<p>&nbsp;<\/p>\n<p>Hoy siento que <strong>mi vida es una paradoja.<\/strong> Estoy en un momento muy complicado emocionalmente. Me acerco a<strong> los 20 a\u00f1os<\/strong>, al inicio de una nueva d\u00e9cada, y cada vez me distancio m\u00e1s de esa etapa infantil que tanto a\u00f1oro, cuando no quer\u00eda crecer, cuando era feliz<strong> jugando al escondite o a la pelota en el parque.<\/strong><\/p>\n<p>Estoy en un punto muerto. Tambi\u00e9n empiezo a notar la<strong> distancia con mis padres<\/strong>, con mi familia. Estudio una carrera que no me atrae. Si tengo algo claro es que no quiero dedicarme a la ense\u00f1anza, para lo que fundamentalmente nos preparan.<\/p>\n<p>En cuanto al amor, <strong>nunca he tenido suerte<\/strong>. Supongo que tambi\u00e9n la culpa es m\u00eda. <strong>Nunca he so\u00f1ado con casarme ni con tener hijos.<\/strong> Me gusta tener mi espacio y me agobia que me manden mensajes, que me den toques al m\u00f3vil, que me controlen\u2026\u00a0<strong> Soy la \u00fanica de mis amigas sin novio.<\/strong> Cuando salimos por la noche, me veo rodeada de siete parejas. Si me doy la vuelta para hablar con una, corro el peligro de que en ese momento <strong>comiencen a besarse.<\/strong> Y esto me sucede con mucha frecuencia.<\/p>\n<p>Este verano nos est\u00e1bamos planteando ir de vacaciones juntas. Hay un inconveniente, si voy yo, no van, si no voy, se van en parejas sin problemas. <strong>Este es el primer verano que posiblemente \u00a0pase en <a href=\"http:\/\/www.hoyarroyodelaluz.es\/\" target=\"_blank\">Arroyo<\/a>.<\/strong> Todos los a\u00f1os me voy de viaje con becas de estudio, pero este, con los <strong>recortes<\/strong>, estoy viendo que no salgo de casa.<\/p>\n<p>Noto que empezamos a separarnos. Antes sal\u00edamos por las tardes juntas, \u00edbamos a la charca o a la piscina a ba\u00f1arnos. Ahora solo nos vemos los s\u00e1bados para hacer<strong> botell\u00f3n en el pol\u00edgono<\/strong>, para contarnos lo bien o lo mal que nos va y divertirnos.<\/p>\n<p>Me resultan muy curiosos todos estos cambios en mi vida.<strong> Me siento sola<\/strong>, comienzo un blog que se titula <strong><a href=\"https:\/\/blogs.hoy.es\/solitaencaceres\/\" target=\"_blank\">Solita en C\u00e1ceres<\/a><\/strong>, fruto de darle la vuelta a <strong><a href=\"http:\/\/www.hoy.es\/videos\/a-fondo\/caceres-insolita\/\" target=\"_blank\">C\u00e1ceres Ins\u00f3lita<\/a><\/strong>, y vivo en la <strong>calle Soledad<\/strong>. Parece que <strong>mi destino est\u00e1 escrito.<\/strong><\/p>\n<p>A veces me planteo si ser tan independiente y hacer lo que me apetece en cada momento es bueno. Si no ser\u00eda mejor adaptarme al momento,<strong> atrapar al primer chico guapo<\/strong> que se me acercase, present\u00e1rselo a mis padres (hoy en d\u00eda eso es fundamental), salir los d\u00edas de diario con \u00e9l, llev\u00e1rmelo de vacaciones, so\u00f1ar con tener hijos, con casarnos\u2026<\/p>\n<p>Sin\u00a0 embargo, el otro d\u00eda estaba sentada en una terraza de la <strong><a href=\"http:\/\/www.hoy.es\/20120107\/local\/polillas-plaza-mayor-201201071240.html\" target=\"_blank\">Plaza Mayor<\/a> de C\u00e1ceres<\/strong> y me fij\u00e9 en c<strong>uatro parejas que rondaban los 50 a\u00f1os.<\/strong> Estaban todas en silencio, comiendo, mirando las palomas volar, alg\u00fan marido se atrev\u00eda a echarles pan. Faltaba comunicaci\u00f3n, se notaba que el amor y la pasi\u00f3n con el transcurso de los a\u00f1os se hab\u00edan terminado.<strong> Solo quedaba compa\u00f1\u00eda, pero en silencio.<\/strong><\/p>\n<!-- AddThis Advanced Settings generic via filter on the_content --><!-- AddThis Share Buttons generic via filter on the_content -->","protected":false},"excerpt":{"rendered":"<p>De fiesta con mis amigas en el pol\u00edgono de Arroyo &nbsp; Hoy siento que mi vida es una paradoja. Estoy en un momento muy complicado emocionalmente. Me acerco a los 20 a\u00f1os, al inicio de una nueva d\u00e9cada, y cada vez me distancio m\u00e1s de esa etapa infantil que tanto a\u00f1oro, cuando no quer\u00eda crecer, [&hellip;]<!-- AddThis Advanced Settings generic via filter on get_the_excerpt --><!-- AddThis Share Buttons generic via filter on get_the_excerpt --><\/p>\n","protected":false},"author":45,"featured_media":0,"comment_status":"open","ping_status":"closed","sticky":false,"template":"","format":"standard","meta":[],"categories":[3],"tags":[294,436,448,512,582,624,759,823,2918,2924,3237,3290,3309,3521,3834,3969,4203],"_links":{"self":[{"href":"https:\/\/blogs.hoy.es\/solitaencaceres\/wp-json\/wp\/v2\/posts\/84"}],"collection":[{"href":"https:\/\/blogs.hoy.es\/solitaencaceres\/wp-json\/wp\/v2\/posts"}],"about":[{"href":"https:\/\/blogs.hoy.es\/solitaencaceres\/wp-json\/wp\/v2\/types\/post"}],"author":[{"embeddable":true,"href":"https:\/\/blogs.hoy.es\/solitaencaceres\/wp-json\/wp\/v2\/users\/45"}],"replies":[{"embeddable":true,"href":"https:\/\/blogs.hoy.es\/solitaencaceres\/wp-json\/wp\/v2\/comments?post=84"}],"version-history":[{"count":0,"href":"https:\/\/blogs.hoy.es\/solitaencaceres\/wp-json\/wp\/v2\/posts\/84\/revisions"}],"wp:attachment":[{"href":"https:\/\/blogs.hoy.es\/solitaencaceres\/wp-json\/wp\/v2\/media?parent=84"}],"wp:term":[{"taxonomy":"category","embeddable":true,"href":"https:\/\/blogs.hoy.es\/solitaencaceres\/wp-json\/wp\/v2\/categories?post=84"},{"taxonomy":"post_tag","embeddable":true,"href":"https:\/\/blogs.hoy.es\/solitaencaceres\/wp-json\/wp\/v2\/tags?post=84"}],"curies":[{"name":"wp","href":"https:\/\/api.w.org\/{rel}","templated":true}]}}