{"id":842,"date":"2013-12-24T10:00:25","date_gmt":"2013-12-24T10:00:25","guid":{"rendered":"http:\/\/blogs.hoy.es\/solitaencaceres\/?p=842"},"modified":"2013-12-24T10:00:25","modified_gmt":"2013-12-24T10:00:25","slug":"rubia-de-bote","status":"publish","type":"post","link":"https:\/\/blogs.hoy.es\/solitaencaceres\/2013\/12\/24\/rubia-de-bote\/","title":{"rendered":"Rubia de bote&#8230;"},"content":{"rendered":"<p>&nbsp;<\/p>\n<p><a href=\"\/solitaencaceres\/wp-content\/uploads\/sites\/41\/2013\/12\/Manzanilla-y-aceite.jpg\"><img loading=\"lazy\" class=\"aligncenter size-full wp-image-844\" title=\"Manzanilla y aceite\" src=\"\/solitaencaceres\/wp-content\/uploads\/sites\/41\/2013\/12\/Manzanilla-y-aceite.jpg\" alt=\"\" width=\"259\" height=\"194\" \/><\/a><\/p>\n<p>No, este post no trata de<strong> &#8216;guarrindongadas&#8217;,<\/strong> no tiene nada que ver con las combinaciones de alimentos que<strong> hacen y degustan Robin Food y Berto Chicote en el programa de Buenafuente.\u00a0<\/strong>\u00a0A d\u00eda de hoy, a\u00fan no se me ha pasado por la cabeza<strong> untar aceite con manzanilla en una rebanada de pan, o mucho peor, en una magdalena<\/strong>, aunque qui\u00e9n sabe, tal vez podr\u00eda funcionar y ser un desayuno agradable. Cosas peores he mezclado esos d\u00edas que la nevera est\u00e1 vac\u00eda y no la rellenas porque vas a pasar unos d\u00edas fuera.<\/p>\n<p>El tema de combinar aceite y manzanilla se debe a <strong>un tema capilar.<\/strong> Me han recomendado mezclar estos dos productos cada vez que vaya<strong> a lavarme el pelo como un truco casero para que se me aclare.<\/strong> Tambi\u00e9n me han recomendado <strong>echar lim\u00f3n<\/strong>, pero con la gran cantidad de cabello que tengo, tendr\u00eda que utilizar el exprimidor, y en estos temas de est\u00e9tica, suelo basarme en la ley del m\u00ednimo esfuerzo.<\/p>\n<p><strong>Desde que vivo en C\u00e1ceres, no he pisado una peluquer\u00eda.<\/strong> Cuando estaba en el pueblo, mi madre me controlaba estos temas, ella era quien me escog\u00eda peluquera, quien me tramitaba la cita e, incluso, quien me llevaba en coche si hac\u00eda falta para que me arreglase la melena. Sin embargo, aqu\u00ed &#8216;solita&#8217; ni me acuerdo, hasta que llega la foto de la orla, hablo por tel\u00e9fono con ella y <strong>lo primero que me dice es que me d\u00e9 unas mechas.<\/strong><\/p>\n<p>Ahora mismo tengo el pelo casi <strong>m\u00e1s tirando a casta\u00f1o que a rubio.<\/strong> En parte se debe a que este verano no he ido a la playa. No s\u00e9 cu\u00e1l ser\u00e1<strong> la raz\u00f3n cient\u00edfica,<\/strong> pero siempre que <strong>me ba\u00f1o en el mar y tomo el sol, el pelo se me aclara como si fuese una alemana o una polaca.<\/strong> Debe de ser por eso que <strong>las gitanas cuando van a venderme romero nunca me hablan en espa\u00f1ol.<\/strong> El caso es que como este a\u00f1o lo tengo tan oscuro, si me hubiera dado unas mechas para la orla, podr\u00eda haber terminado pareciendo <strong>una cebra con colores de jirafa.<\/strong> Vamos, que si se me ve poco el pelo por clase, y nunca mejor dicho, si hubiera pegado semejante <strong>cambio de look,<\/strong> habr\u00eda parecido que se hab\u00eda colado la imagen de una chica de otra carrera.<\/p>\n<p>Y cuento todo esto porque <strong>desde que embadurno con semejante mejunje mis cabellos, voy por la calle con la sensaci\u00f3n de que huelo a una especie de mezcla entre infusi\u00f3n y almazara,<\/strong> a pesar de que me echo mucho champ\u00fa varias veces despu\u00e9s para enjuagar.\u00a0\u00a0Espero que el invento me funcione, no me apetece tener que darme tinte en el pelo, que se nota mucho, y escuchar cada dos por tres <strong>la t\u00edpica frase que te suelen soltar: &#8216;\u00a1Rubia de bote, c&#8230; morenote!&#8217;.<\/strong><\/p>\n<!-- AddThis Advanced Settings generic via filter on the_content --><!-- AddThis Share Buttons generic via filter on the_content -->","protected":false},"excerpt":{"rendered":"<p>&nbsp; No, este post no trata de &#8216;guarrindongadas&#8217;, no tiene nada que ver con las combinaciones de alimentos que hacen y degustan Robin Food y Berto Chicote en el programa de Buenafuente.\u00a0\u00a0A d\u00eda de hoy, a\u00fan no se me ha pasado por la cabeza untar aceite con manzanilla en una rebanada de pan, o mucho [&hellip;]<!-- AddThis Advanced Settings generic via filter on get_the_excerpt --><!-- AddThis Share Buttons generic via filter on get_the_excerpt --><\/p>\n","protected":false},"author":45,"featured_media":0,"comment_status":"open","ping_status":"closed","sticky":false,"template":"","format":"standard","meta":[],"categories":[3],"tags":[75,154,168,446,541,577,698,767,788,1512,1552,1617,1859,1938,2115,2178,2389,2435,2496,2535,2544,2591,2665,2987,3149,3156,3277,3304,3508,3612,3629,3643,3644,4109],"_links":{"self":[{"href":"https:\/\/blogs.hoy.es\/solitaencaceres\/wp-json\/wp\/v2\/posts\/842"}],"collection":[{"href":"https:\/\/blogs.hoy.es\/solitaencaceres\/wp-json\/wp\/v2\/posts"}],"about":[{"href":"https:\/\/blogs.hoy.es\/solitaencaceres\/wp-json\/wp\/v2\/types\/post"}],"author":[{"embeddable":true,"href":"https:\/\/blogs.hoy.es\/solitaencaceres\/wp-json\/wp\/v2\/users\/45"}],"replies":[{"embeddable":true,"href":"https:\/\/blogs.hoy.es\/solitaencaceres\/wp-json\/wp\/v2\/comments?post=842"}],"version-history":[{"count":0,"href":"https:\/\/blogs.hoy.es\/solitaencaceres\/wp-json\/wp\/v2\/posts\/842\/revisions"}],"wp:attachment":[{"href":"https:\/\/blogs.hoy.es\/solitaencaceres\/wp-json\/wp\/v2\/media?parent=842"}],"wp:term":[{"taxonomy":"category","embeddable":true,"href":"https:\/\/blogs.hoy.es\/solitaencaceres\/wp-json\/wp\/v2\/categories?post=842"},{"taxonomy":"post_tag","embeddable":true,"href":"https:\/\/blogs.hoy.es\/solitaencaceres\/wp-json\/wp\/v2\/tags?post=842"}],"curies":[{"name":"wp","href":"https:\/\/api.w.org\/{rel}","templated":true}]}}