{"id":846,"date":"2013-12-29T14:30:24","date_gmt":"2013-12-29T14:30:24","guid":{"rendered":"http:\/\/blogs.hoy.es\/solitaencaceres\/?p=846"},"modified":"2013-12-29T14:30:24","modified_gmt":"2013-12-29T14:30:24","slug":"mujeres-conejas","status":"publish","type":"post","link":"https:\/\/blogs.hoy.es\/solitaencaceres\/2013\/12\/29\/mujeres-conejas\/","title":{"rendered":"Mujeres conejas"},"content":{"rendered":"<p><a href=\"\/solitaencaceres\/wp-content\/uploads\/sites\/41\/2013\/12\/Mujeres-conejas.png\"><img loading=\"lazy\" class=\"aligncenter size-full wp-image-847\" title=\"Mujeres conejas\" src=\"\/solitaencaceres\/wp-content\/uploads\/sites\/41\/2013\/12\/Mujeres-conejas.png\" alt=\"\" width=\"467\" height=\"356\" srcset=\"https:\/\/static-blogs.hoy.es\/wp-content\/uploads\/sites\/41\/2013\/12\/Mujeres-conejas.png 467w, https:\/\/static-blogs.hoy.es\/wp-content\/uploads\/sites\/41\/2013\/12\/Mujeres-conejas-300x229.png 300w\" sizes=\"(max-width: 467px) 100vw, 467px\" \/><\/a><\/p>\n<p>Recuerdo que hace unos a\u00f1os en el instituto, en clase de Geograf\u00eda, haciendo un recuento de los<strong> antecesores familiares<\/strong> que ten\u00edamos, <strong>el n\u00famero de hermanos que ten\u00edan nuestros bisabuelos y abuelos raramente bajaba de los cuatro.<\/strong> Hubo un caso que nos sorprendi\u00f3 especialmente, el de <strong>una bisabuela que hab\u00eda tenido 19 hijos,<\/strong> cosa que abri\u00f3 bocas de alucine en la clase. Inevitablemente, alguien dijo lo que a muchos nos pas\u00f3 por la cabeza:<strong> &#8216;\u00a1Ni que fuera una coneja!&#8217;.<\/strong><\/p>\n<p>Igual la comparaci\u00f3n es un poco burda, pues normalmente cuando se asocia a una mujer con un coneja, un alto porcentaje de las personas, sobre todo del g\u00e9nero masculino, <strong>piensan en conejitas Playboy, con sus corsets apretados, sus nalgas al aire, sus orejitas en plan Bugs Bunny&#8230;<\/strong> pero en este caso, y tirando del argot juvenil de mi generaci\u00f3n, las mujeres que tienen muchos hijos, son como conejas, <strong>sin necesidad de que paran de nueve en nueve.<\/strong><\/p>\n<p>Por entonces, en la \u00e9poca de nuestras bisabuelas y abuelas, lo de abortar de forma legal era impensable, si la marcha atr\u00e1s fallaba, ya que no hab\u00eda posibilidad de utilizar precauci\u00f3n segura, no quedaba m\u00e1s remedio que parir, <strong>a pesar de que las condiciones de vida no acompa\u00f1asen.<\/strong> Eso hac\u00eda que los ni\u00f1os que ten\u00edan, no todos sobreviviesen, y por otra parte, ataban a la mujer a su casa, al cuidado de su familia, alej\u00e1ndola de<strong> las posibilidades de trabajar y de tener una independencia econ\u00f3mica que las liberase de depender de un marido.<\/strong><\/p>\n<p>Ahora, con la nueva ley de aborto, dicen que volvemos 20 o 30 a\u00f1os atr\u00e1s. Yo creo que volvemos unos cuantos m\u00e1s, sobre todo <strong>si el gobierno comienza a arar el terreno pensando ya en las elecciones<\/strong>, pues lo primero es suprimir el aborto y lo segundo para contentar a la iglesia y a la derecha m\u00e1s conservadora, qu\u00e9 ser\u00e1<strong> \u00bfilegalizar los condones?<\/strong> El discurso de defender el derecho a la vida est\u00e1 muy bien, parece incluso moralmente \u00e9tico, pero<strong> \u00bfy d\u00f3nde dejan el derecho a tener calidad de vida, y sobre todo, el derecho a decidir \u00a0qu\u00e9 querer hacer con su vida de las mujeres?<\/strong><\/p>\n<p>Lo que m\u00e1s me duele como mujer <strong>no es que los incompetentes del gobierno quieran decidir por m\u00ed<\/strong>, pues de alguna manera tendr\u00e1n que<strong> desviar la atenci\u00f3n de la corrupci\u00f3n que sale a la luz cada d\u00eda de sus filas<\/strong>, sino que lo preocupante es que a\u00fan hoy d\u00eda se siguen escuchando de la boca de chicas j\u00f3venes frases antol\u00f3gicas del tipo:<strong> &#8216;Si eres para hacerlo, eres para tenerlo&#8217;.<\/strong> Y en esto s\u00ed que coincido con que hay mujeres que son como conejas:<strong> unas no miran de frente ( por la posici\u00f3n de sus ojos) y las otras no tienen dos dedos de frente (falta de educaci\u00f3n = falta de criterio).<\/strong><\/p>\n<!-- AddThis Advanced Settings generic via filter on the_content --><!-- AddThis Share Buttons generic via filter on the_content -->","protected":false},"excerpt":{"rendered":"<p>Recuerdo que hace unos a\u00f1os en el instituto, en clase de Geograf\u00eda, haciendo un recuento de los antecesores familiares que ten\u00edamos, el n\u00famero de hermanos que ten\u00edan nuestros bisabuelos y abuelos raramente bajaba de los cuatro. Hubo un caso que nos sorprendi\u00f3 especialmente, el de una bisabuela que hab\u00eda tenido 19 hijos, cosa que abri\u00f3 [&hellip;]<!-- AddThis Advanced Settings generic via filter on get_the_excerpt --><!-- AddThis Share Buttons generic via filter on get_the_excerpt --><\/p>\n","protected":false},"author":45,"featured_media":0,"comment_status":"open","ping_status":"closed","sticky":false,"template":"","format":"standard","meta":[],"categories":[3],"tags":[62,67,227,281,469,545,836,1010,1015,1016,1063,1064,1196,1645,1845,1850,1863,1999,2071,2099,2132,2371,2554,2795,2796,2797,3889],"_links":{"self":[{"href":"https:\/\/blogs.hoy.es\/solitaencaceres\/wp-json\/wp\/v2\/posts\/846"}],"collection":[{"href":"https:\/\/blogs.hoy.es\/solitaencaceres\/wp-json\/wp\/v2\/posts"}],"about":[{"href":"https:\/\/blogs.hoy.es\/solitaencaceres\/wp-json\/wp\/v2\/types\/post"}],"author":[{"embeddable":true,"href":"https:\/\/blogs.hoy.es\/solitaencaceres\/wp-json\/wp\/v2\/users\/45"}],"replies":[{"embeddable":true,"href":"https:\/\/blogs.hoy.es\/solitaencaceres\/wp-json\/wp\/v2\/comments?post=846"}],"version-history":[{"count":0,"href":"https:\/\/blogs.hoy.es\/solitaencaceres\/wp-json\/wp\/v2\/posts\/846\/revisions"}],"wp:attachment":[{"href":"https:\/\/blogs.hoy.es\/solitaencaceres\/wp-json\/wp\/v2\/media?parent=846"}],"wp:term":[{"taxonomy":"category","embeddable":true,"href":"https:\/\/blogs.hoy.es\/solitaencaceres\/wp-json\/wp\/v2\/categories?post=846"},{"taxonomy":"post_tag","embeddable":true,"href":"https:\/\/blogs.hoy.es\/solitaencaceres\/wp-json\/wp\/v2\/tags?post=846"}],"curies":[{"name":"wp","href":"https:\/\/api.w.org\/{rel}","templated":true}]}}