{"id":849,"date":"2014-01-03T18:39:01","date_gmt":"2014-01-03T18:39:01","guid":{"rendered":"http:\/\/blogs.hoy.es\/solitaencaceres\/?p=849"},"modified":"2014-01-03T18:39:01","modified_gmt":"2014-01-03T18:39:01","slug":"mis-queridos-guantes-negros","status":"publish","type":"post","link":"https:\/\/blogs.hoy.es\/solitaencaceres\/2014\/01\/03\/mis-queridos-guantes-negros\/","title":{"rendered":"Mis queridos guantes negros"},"content":{"rendered":"<p style=\"text-align: center;\"><a href=\"\/solitaencaceres\/wp-content\/uploads\/sites\/41\/2014\/01\/Lluvia5.jpg\"><img loading=\"lazy\" class=\"aligncenter  wp-image-850\" title=\"D\u00edas de lluvia\" src=\"\/solitaencaceres\/wp-content\/uploads\/sites\/41\/2014\/01\/Lluvia5.jpg\" alt=\"\" width=\"554\" height=\"349\" srcset=\"https:\/\/static-blogs.hoy.es\/wp-content\/uploads\/sites\/41\/2014\/01\/Lluvia5.jpg 4272w, https:\/\/static-blogs.hoy.es\/wp-content\/uploads\/sites\/41\/2014\/01\/Lluvia5-300x189.jpg 300w, https:\/\/static-blogs.hoy.es\/wp-content\/uploads\/sites\/41\/2014\/01\/Lluvia5-768x484.jpg 768w, https:\/\/static-blogs.hoy.es\/wp-content\/uploads\/sites\/41\/2014\/01\/Lluvia5-1024x645.jpg 1024w\" sizes=\"(max-width: 554px) 100vw, 554px\" \/><\/a><\/p>\n<p>A veces perdemos objetos a los que tenemos cari\u00f1o porque los asociamos a un <strong>momento emotivo de nuestra vida.<\/strong> Si son pendientes, anillos, pulseras, aparatinos electr\u00f3nicos o cualquier elemento que, adem\u00e1s de tener <strong>valor sentimental<\/strong> para nosotros, tenga<strong> valor econ\u00f3mico<\/strong> para el resto, es m\u00e1s dif\u00edcil que aparezcan. Pero si es algo tan simple como <strong>unos guantes,<\/strong> como es en mi caso, las probabilidades de encontrarlos dependen de si<strong> se te han ca\u00eddo del bolsillo en la calle,<\/strong> o si en casa tu madre los ha puesto a secar en la terraza un d\u00eda de mucho tiempo y <strong>se han volado<\/strong>, o si se ha equivocado y los ha zurcido con unos calcetines, o si simplemente los ha metido en ese caj\u00f3n en el que a una nunca le da por mirar qu\u00e9 hay.<\/p>\n<p><a href=\"\/solitaencaceres\/wp-content\/uploads\/sites\/41\/2014\/01\/Lluvia7.jpg\"><img loading=\"lazy\" class=\"wp-image-851 alignright\" title=\"Pies de San Pedro\" src=\"\/solitaencaceres\/wp-content\/uploads\/sites\/41\/2014\/01\/Lluvia7.jpg\" alt=\"\" width=\"449\" height=\"299\" srcset=\"https:\/\/static-blogs.hoy.es\/wp-content\/uploads\/sites\/41\/2014\/01\/Lluvia7.jpg 4272w, https:\/\/static-blogs.hoy.es\/wp-content\/uploads\/sites\/41\/2014\/01\/Lluvia7-300x200.jpg 300w, https:\/\/static-blogs.hoy.es\/wp-content\/uploads\/sites\/41\/2014\/01\/Lluvia7-768x512.jpg 768w, https:\/\/static-blogs.hoy.es\/wp-content\/uploads\/sites\/41\/2014\/01\/Lluvia7-1024x683.jpg 1024w\" sizes=\"(max-width: 449px) 100vw, 449px\" \/><\/a><\/p>\n<p>El caso es que dos a\u00f1os despu\u00e9s, <strong>mis queridos guantes negros de dedos al aire libre y longitud hasta los codos han aparecido.<\/strong> Les ten\u00eda tanto cari\u00f1o que recuerdo hasta la calle donde estaba la tienda en la que los compr\u00e9 en <strong>Plasencia,<\/strong> aunque no su nombre. Me daban la vida los d\u00edas en los que <strong>coger la c\u00e1mara de v\u00eddeo haciendo mucho fr\u00edo y mantener el pulso era m\u00e1s dif\u00edcil que ense\u00f1ar a hablar ingl\u00e9s a Ana Botella.<\/strong> Por eso ayer no me pude resistir a pon\u00e9rmelos de nuevo, y a pesar de la que estaba cayendo y del viento que hac\u00eda, me lanc\u00e9 con ellos y con la c\u00e1mara de fotos a la calle,<strong>\u00a0\u00a0sin paraguas ni chubasquero, a la aventura, como siempre.<\/strong><\/p>\n<p>Hacer fotos los d\u00edas de lluvia es bonito, tiene un encanto dif\u00edcil de explicar, hay que vivirlo para saber qu\u00e9 se siente, porque<strong> es alucinante caminar tranquilamente mientras te est\u00e1 cayendo un chaparr\u00f3n del cop\u00f3n encima y no darte cuenta de que te est\u00e1s mojando al intentar capturar un detalle de la forma precisa.<\/strong> Claro que luego vuelves de camino a casa con las botas encharcadas, la ropa pingando, los pelos a lo afro, el maquillaje corrido y encima la gente te mira por la calle como diciendo <strong>&#8220;a d\u00f3nde va esta loca sin paraguas&#8221;<\/strong>, mientras intentas sortear los suyos <strong>sin que te metan ning\u00fan pico en los ojos,<\/strong> y por mucho que est\u00e9s feliz porque has hecho fotograf\u00edas bonitas y vayas <strong>con tus guantes favoritos puestos,<\/strong> te sientes, cuanto menos, rid\u00edcula.<\/p>\n<p><a href=\"\/solitaencaceres\/wp-content\/uploads\/sites\/41\/2014\/01\/Llueve4.jpg\"><img loading=\"lazy\" class=\"wp-image-852 alignleft\" title=\"Lluvia\" src=\"\/solitaencaceres\/wp-content\/uploads\/sites\/41\/2014\/01\/Llueve4.jpg\" alt=\"\" width=\"384\" height=\"255\" srcset=\"https:\/\/static-blogs.hoy.es\/wp-content\/uploads\/sites\/41\/2014\/01\/Llueve4.jpg 4272w, https:\/\/static-blogs.hoy.es\/wp-content\/uploads\/sites\/41\/2014\/01\/Llueve4-300x200.jpg 300w, https:\/\/static-blogs.hoy.es\/wp-content\/uploads\/sites\/41\/2014\/01\/Llueve4-768x512.jpg 768w, https:\/\/static-blogs.hoy.es\/wp-content\/uploads\/sites\/41\/2014\/01\/Llueve4-1024x683.jpg 1024w\" sizes=\"(max-width: 384px) 100vw, 384px\" \/><\/a>\u00a0Menos mal que este a\u00f1o, con los ex\u00e1menes justo tras los<strong> Reyes Magos,<\/strong> voy a poder escaparme pocas veces m\u00e1s de casa en lo que queda de vacaciones. Si no, con lo emocionada que estoy con el reencuentro con mis guantecinos negros y lo calentitos que son para estos d\u00edas de lluvia y viento, o bien <strong>termino con una pulmon\u00eda, o bien me nombran persona non grata en Facebook, Flickr e Instagram por petarlos de fotograf\u00edas.<\/strong><\/p>\n<!-- AddThis Advanced Settings generic via filter on the_content --><!-- AddThis Share Buttons generic via filter on the_content -->","protected":false},"excerpt":{"rendered":"<p>A veces perdemos objetos a los que tenemos cari\u00f1o porque los asociamos a un momento emotivo de nuestra vida. Si son pendientes, anillos, pulseras, aparatinos electr\u00f3nicos o cualquier elemento que, adem\u00e1s de tener valor sentimental para nosotros, tenga valor econ\u00f3mico para el resto, es m\u00e1s dif\u00edcil que aparezcan. Pero si es algo tan simple como [&hellip;]<!-- AddThis Advanced Settings generic via filter on get_the_excerpt --><!-- AddThis Share Buttons generic via filter on get_the_excerpt --><\/p>\n","protected":false},"author":45,"featured_media":0,"comment_status":"open","ping_status":"closed","sticky":false,"template":"","format":"standard","meta":[],"categories":[3],"tags":[509,638,639,822,865,1630,1711,1743,1928,2129,2422,2717,2739,3057,3151,3192,3460,3596,4203],"_links":{"self":[{"href":"https:\/\/blogs.hoy.es\/solitaencaceres\/wp-json\/wp\/v2\/posts\/849"}],"collection":[{"href":"https:\/\/blogs.hoy.es\/solitaencaceres\/wp-json\/wp\/v2\/posts"}],"about":[{"href":"https:\/\/blogs.hoy.es\/solitaencaceres\/wp-json\/wp\/v2\/types\/post"}],"author":[{"embeddable":true,"href":"https:\/\/blogs.hoy.es\/solitaencaceres\/wp-json\/wp\/v2\/users\/45"}],"replies":[{"embeddable":true,"href":"https:\/\/blogs.hoy.es\/solitaencaceres\/wp-json\/wp\/v2\/comments?post=849"}],"version-history":[{"count":0,"href":"https:\/\/blogs.hoy.es\/solitaencaceres\/wp-json\/wp\/v2\/posts\/849\/revisions"}],"wp:attachment":[{"href":"https:\/\/blogs.hoy.es\/solitaencaceres\/wp-json\/wp\/v2\/media?parent=849"}],"wp:term":[{"taxonomy":"category","embeddable":true,"href":"https:\/\/blogs.hoy.es\/solitaencaceres\/wp-json\/wp\/v2\/categories?post=849"},{"taxonomy":"post_tag","embeddable":true,"href":"https:\/\/blogs.hoy.es\/solitaencaceres\/wp-json\/wp\/v2\/tags?post=849"}],"curies":[{"name":"wp","href":"https:\/\/api.w.org\/{rel}","templated":true}]}}