{"id":853,"date":"2014-01-05T09:07:54","date_gmt":"2014-01-05T09:07:54","guid":{"rendered":"http:\/\/blogs.hoy.es\/solitaencaceres\/?p=853"},"modified":"2014-01-05T09:07:54","modified_gmt":"2014-01-05T09:07:54","slug":"coca-cola-no-me-quiere","status":"publish","type":"post","link":"https:\/\/blogs.hoy.es\/solitaencaceres\/2014\/01\/05\/coca-cola-no-me-quiere\/","title":{"rendered":"Coca Cola no me quiere"},"content":{"rendered":"<p style=\"text-align: center;\">\u00a0<a href=\"\/solitaencaceres\/wp-content\/uploads\/sites\/41\/2014\/01\/Lata-Carolina.png\"><img loading=\"lazy\" class=\"aligncenter  wp-image-854\" title=\"Lata Coca Cola Carolina\" src=\"\/solitaencaceres\/wp-content\/uploads\/sites\/41\/2014\/01\/Lata-Carolina.png\" alt=\"\" width=\"521\" height=\"290\" srcset=\"https:\/\/static-blogs.hoy.es\/wp-content\/uploads\/sites\/41\/2014\/01\/Lata-Carolina.png 579w, https:\/\/static-blogs.hoy.es\/wp-content\/uploads\/sites\/41\/2014\/01\/Lata-Carolina-300x167.png 300w\" sizes=\"(max-width: 521px) 100vw, 521px\" \/><\/a><\/p>\n<p>Estoy triste:<strong> Coca Cola no me quiere.<\/strong> Todos mis amigos tienen latas con su nombre, hasta mis padres y mi hermano, y <strong>no solo con sus nombres propios, sino tambi\u00e9n comunes: &#8220;mam\u00e1, pap\u00e1, hermano&#8221;.<\/strong> Hasta los abuelos, los novios y los amigos tienen, y<strong> \u00bfqu\u00e9 me dicen de Pap\u00e1 Noel?<\/strong> \u00c9l tambi\u00e9n tiene, aunque claro, eso es normal siendo un invento propio de la marca, a pesar de que en el sentido navide\u00f1o, lo que m\u00e1s se haya puesto de moda <strong>haya sido montar con ellas el &#8216;Bel\u00e9n&#8217;.<\/strong><\/p>\n<p>Ayer fui al Carrefour con mis padres, a realizar las \u00faltimas compras de regalos de reyes ellos, y a surtirme de caf\u00e9 y Coca Cola yo,<strong> pensando en la\u00a0 proximidad de los ex\u00e1menes.<\/strong> Era incre\u00edble ver que hab\u00eda m\u00e1s gente en la parte de los refrescos<strong> buscando su nombre en las latas<\/strong> que a la entrada donde se ofrec\u00edan a los compradores <strong>degustaciones de roscones de reyes<\/strong> con una pinta tremenda.<\/p>\n<p>Al principio, iba con la idea clara de coger <strong>dos paquetes de doce latas de Coca Cola,<\/strong> meterlos en el carro y <strong>no ponerme a enredar.<\/strong> Pero la emoci\u00f3n por encontrar <strong>su nombre en la lata de las personas que pasaban por all\u00ed me meti\u00f3 el gusanillo en el cuerpo,<\/strong> y mientras que diversidad de nombres se iban sucediendo, algunos hasta se repet\u00edan (los de las Mar\u00eda era de alucine), yo me iba desesperando m\u00e1s a\u00fan<strong>, casi tanto como cuando tuve que hacer una hora de cola en el cine los d\u00edas esos que val\u00eda a 2.90\u20ac.<\/strong>Pero a diferencia que aquello, esta desesperaci\u00f3n no mereci\u00f3 la pena.<\/p>\n<p><strong>\u00a0\u00a0\u00bfPor qu\u00e9 las Carolinas no tenemos nuestro nombre en las latas?<\/strong> \u00bfAcaso aguantamos tanto cachondeo con la canci\u00f3n de <strong>M-Clan<\/strong> para no tener ahora el reconocimiento de nombre que nos merecemos? \u00bfNo son lo suficientemente importantes <strong>Carolina Herrera, Carolina de M\u00f3naco, Carolina Cerezuela o nuestra Carolina Coronado<\/strong>? Hasta tenemos <strong>dos estados de los Estados Unidos de Am\u00e9rica que llevan nuestro nombre (Carolina del Norte y Carolina del Sur)<\/strong> y\u00a0\u00a0un pueblito de Andaluc\u00eda, concretamente en la provincia de Ja\u00e9n, se llama<strong> La Carolina.<\/strong> Y c\u00f3mo se nota que los de Coca Cola no tienen muchos &#8216;p\u00e1jaros en la cabeza&#8217;, si no, tambi\u00e9n pensar\u00edan en las <strong>Carolinas ninfas.<\/strong> Tambi\u00e9n tenemos<strong> pasteles en Bilbao con nuestro nombre,<\/strong> y seguro que muchas cosas m\u00e1s que se me quedan en el tintero y que ahora mismo, sobre la marcha, no recuerdo.<\/p>\n<p>Pero no, <strong>Coca Cola no nos quiere<\/strong>, no se acuerda de nosotras, y no vale la excusa de que <strong>el nombre es largo,<\/strong> porque Cristina y Catalina tienen el mismo n\u00famero de letras. A ratos, a medida que voy tomando latas a lo largo de la noche para no quedarme dormida mientras estudio, me siento como cuando <strong>coleccionaba de ni\u00f1a cromos de Pokemon o de la Liga,<\/strong> que hab\u00eda algunos nombres que nunca llegaban y otros que se repet\u00edan de continuo, como el de <strong>Ratat\u00e1 (Pokemon) o Villa (cuando estaba en el Zaragoza jugando)<\/strong>. <strong>\u00bfDeber\u00eda sentirme Charizard o Zidane?<\/strong> <strong>Creo que mejor, hasta que pase la moda de las latas con nombres, voy a retomar la Pepsi.<\/strong><\/p>\n<!-- AddThis Advanced Settings generic via filter on the_content --><!-- AddThis Share Buttons generic via filter on the_content -->","protected":false},"excerpt":{"rendered":"<p>\u00a0 Estoy triste: Coca Cola no me quiere. Todos mis amigos tienen latas con su nombre, hasta mis padres y mi hermano, y no solo con sus nombres propios, sino tambi\u00e9n comunes: &#8220;mam\u00e1, pap\u00e1, hermano&#8221;. Hasta los abuelos, los novios y los amigos tienen, y \u00bfqu\u00e9 me dicen de Pap\u00e1 Noel? \u00c9l tambi\u00e9n tiene, aunque [&hellip;]<!-- AddThis Advanced Settings generic via filter on get_the_excerpt --><!-- AddThis Share Buttons generic via filter on get_the_excerpt --><\/p>\n","protected":false},"author":45,"featured_media":0,"comment_status":"open","ping_status":"closed","sticky":false,"template":"","format":"standard","meta":[],"categories":[3],"tags":[67,206,437,465,724,725,726,727,728,729,731,733,734,738,775,825,919,920,1089,1093,1168,1541,1542,1597,1988,2166,2251,2271,2337,2477,2509,2551,2707,2892,2919,3046,3047,3103,3166,3303,3496,3536,3540,3639,4290,4358,4360],"_links":{"self":[{"href":"https:\/\/blogs.hoy.es\/solitaencaceres\/wp-json\/wp\/v2\/posts\/853"}],"collection":[{"href":"https:\/\/blogs.hoy.es\/solitaencaceres\/wp-json\/wp\/v2\/posts"}],"about":[{"href":"https:\/\/blogs.hoy.es\/solitaencaceres\/wp-json\/wp\/v2\/types\/post"}],"author":[{"embeddable":true,"href":"https:\/\/blogs.hoy.es\/solitaencaceres\/wp-json\/wp\/v2\/users\/45"}],"replies":[{"embeddable":true,"href":"https:\/\/blogs.hoy.es\/solitaencaceres\/wp-json\/wp\/v2\/comments?post=853"}],"version-history":[{"count":0,"href":"https:\/\/blogs.hoy.es\/solitaencaceres\/wp-json\/wp\/v2\/posts\/853\/revisions"}],"wp:attachment":[{"href":"https:\/\/blogs.hoy.es\/solitaencaceres\/wp-json\/wp\/v2\/media?parent=853"}],"wp:term":[{"taxonomy":"category","embeddable":true,"href":"https:\/\/blogs.hoy.es\/solitaencaceres\/wp-json\/wp\/v2\/categories?post=853"},{"taxonomy":"post_tag","embeddable":true,"href":"https:\/\/blogs.hoy.es\/solitaencaceres\/wp-json\/wp\/v2\/tags?post=853"}],"curies":[{"name":"wp","href":"https:\/\/api.w.org\/{rel}","templated":true}]}}