{"id":876,"date":"2014-02-04T11:24:00","date_gmt":"2014-02-04T11:24:00","guid":{"rendered":"http:\/\/blogs.hoy.es\/solitaencaceres\/?p=876"},"modified":"2014-02-04T11:24:00","modified_gmt":"2014-02-04T11:24:00","slug":"pac-alvarez-cascos-y-la-celestina","status":"publish","type":"post","link":"https:\/\/blogs.hoy.es\/solitaencaceres\/2014\/02\/04\/pac-alvarez-cascos-y-la-celestina\/","title":{"rendered":"PAC, \u00c1lvarez Cascos y La Celestina"},"content":{"rendered":"<p style=\"text-align: center;\">\u00a0<a href=\"\/solitaencaceres\/wp-content\/uploads\/sites\/41\/2014\/02\/La-Celestina.jpg\"><img loading=\"lazy\" class=\"aligncenter  wp-image-877\" title=\"La Celestina\" src=\"\/solitaencaceres\/wp-content\/uploads\/sites\/41\/2014\/02\/La-Celestina.jpg\" alt=\"\" width=\"231\" height=\"333\" srcset=\"https:\/\/static-blogs.hoy.es\/wp-content\/uploads\/sites\/41\/2014\/02\/La-Celestina.jpg 550w, https:\/\/static-blogs.hoy.es\/wp-content\/uploads\/sites\/41\/2014\/02\/La-Celestina-208x300.jpg 208w\" sizes=\"(max-width: 231px) 100vw, 231px\" \/><\/a><\/p>\n<p>\u00a0Si a<strong> Don Quijote de la Mancha<\/strong> le hizo mal leer tantos<strong> libros de caballer\u00eda<\/strong>, a los de la <strong>Trama Gurtel<\/strong>, leer cl\u00e1sicos como<strong> La Celestina<\/strong>, les ha dejado KO. Y es que eso de que la historia se repite y que los cl\u00e1sicos est\u00e1n presentes hoy d\u00eda, est\u00e1 m\u00e1s que comprobado. Solo tenemos que ver c\u00f3mo<strong> el ex ministro Francisco \u00c1lvarez Cascos se escond\u00eda detr\u00e1s de las siglas de PAC<\/strong> para cubrir su identidad, algo similar a lo que ya hizo <strong>Fernando de Rojas all\u00e1 por el siglo XVI con su acr\u00f3stico<\/strong> para que la <strong>Inquisici\u00f3n<\/strong> no descubriera su autor\u00eda.<\/p>\n<p><strong>\u00a0&#8220;El bachiller Fernando de Rojas acab\u00f3 la\u00a0Comedia de Calisto y Melibea\u00a0y fue nacido en la Puebla de Montalban&#8221;<\/strong>, dec\u00edan los versos del pr\u00f3logo de La Celestina para dejar constancia de la autor\u00eda de la obra, y para salvar a Rojas de la inquisici\u00f3n por su <strong>condici\u00f3n de jud\u00edo converso.<\/strong> Aqu\u00ed tambi\u00e9n comprobamos que, a pesar de que la historia y los hechos se repiten, las condiciones son muy diferentes, porque<strong> \u00c1lvarez Cascos m\u00e1s que esconder su nombre en un acr\u00f3nimo para salvar su vida<\/strong>, lo hac\u00eda, presuntamente, para <strong>embolsarse 41 172 euros en dinero negro en 2003 y 2004, cuando era ministro de Fomento.<\/strong><\/p>\n<p>Tal vez eso que dicen de que ya todo est\u00e1 escrito, es cierto. No estar\u00eda mal empezar a reinventarse, porque, si se descubri\u00f3<strong> el mensaje oculto que Fernando de Rojas dej\u00f3 en los extremos de sus versos en el siglo XVI, c\u00f3mo no va a descubrir la polic\u00eda, en pleno siglo XXI con los avances que tenemos, el significado de unas siglas.<\/strong> Al menos, hace 500 a\u00f1os, se curraban m\u00e1s esconder su identidad. Claro que entonces, si los pillaban,<strong> corr\u00eda riesgo su libertad y hasta su propia vida. Hoy d\u00eda, lo raro es que les suceda algo, y si van a la c\u00e1rcel, est\u00e1 demostrado con B\u00e1rcenas\u00a0\u00a0que no viven mal.\u00a0<\/strong><\/p>\n<!-- AddThis Advanced Settings generic via filter on the_content --><!-- AddThis Share Buttons generic via filter on the_content -->","protected":false},"excerpt":{"rendered":"<p>\u00a0 \u00a0Si a Don Quijote de la Mancha le hizo mal leer tantos libros de caballer\u00eda, a los de la Trama Gurtel, leer cl\u00e1sicos como La Celestina, les ha dejado KO. Y es que eso de que la historia se repite y que los cl\u00e1sicos est\u00e1n presentes hoy d\u00eda, est\u00e1 m\u00e1s que comprobado. Solo tenemos [&hellip;]<!-- AddThis Advanced Settings generic via filter on get_the_excerpt --><!-- AddThis Share Buttons generic via filter on get_the_excerpt --><\/p>\n","protected":false},"author":45,"featured_media":0,"comment_status":"open","ping_status":"closed","sticky":false,"template":"","format":"standard","meta":[],"categories":[3],"tags":[83,85,181,344,401,711,909,1292,1589,1668,1756,2064,2124,2211,2255,2384,2696,3004,3307,3788,3791,3794,4086,4254],"_links":{"self":[{"href":"https:\/\/blogs.hoy.es\/solitaencaceres\/wp-json\/wp\/v2\/posts\/876"}],"collection":[{"href":"https:\/\/blogs.hoy.es\/solitaencaceres\/wp-json\/wp\/v2\/posts"}],"about":[{"href":"https:\/\/blogs.hoy.es\/solitaencaceres\/wp-json\/wp\/v2\/types\/post"}],"author":[{"embeddable":true,"href":"https:\/\/blogs.hoy.es\/solitaencaceres\/wp-json\/wp\/v2\/users\/45"}],"replies":[{"embeddable":true,"href":"https:\/\/blogs.hoy.es\/solitaencaceres\/wp-json\/wp\/v2\/comments?post=876"}],"version-history":[{"count":0,"href":"https:\/\/blogs.hoy.es\/solitaencaceres\/wp-json\/wp\/v2\/posts\/876\/revisions"}],"wp:attachment":[{"href":"https:\/\/blogs.hoy.es\/solitaencaceres\/wp-json\/wp\/v2\/media?parent=876"}],"wp:term":[{"taxonomy":"category","embeddable":true,"href":"https:\/\/blogs.hoy.es\/solitaencaceres\/wp-json\/wp\/v2\/categories?post=876"},{"taxonomy":"post_tag","embeddable":true,"href":"https:\/\/blogs.hoy.es\/solitaencaceres\/wp-json\/wp\/v2\/tags?post=876"}],"curies":[{"name":"wp","href":"https:\/\/api.w.org\/{rel}","templated":true}]}}