{"id":880,"date":"2014-02-05T11:00:56","date_gmt":"2014-02-05T11:00:56","guid":{"rendered":"http:\/\/blogs.hoy.es\/solitaencaceres\/?p=880"},"modified":"2014-02-05T11:00:56","modified_gmt":"2014-02-05T11:00:56","slug":"comentarios-inapropiados-y-otras-maneras-de-tener-antecedentes","status":"publish","type":"post","link":"https:\/\/blogs.hoy.es\/solitaencaceres\/2014\/02\/05\/comentarios-inapropiados-y-otras-maneras-de-tener-antecedentes\/","title":{"rendered":"Comentarios inapropiados y otras maneras de tener antecedentes"},"content":{"rendered":"<p style=\"text-align: center;\"><a href=\"\/solitaencaceres\/wp-content\/uploads\/sites\/41\/2014\/02\/twitter.jpg\"><img loading=\"lazy\" class=\"aligncenter  wp-image-881\" title=\"twitter\" src=\"\/solitaencaceres\/wp-content\/uploads\/sites\/41\/2014\/02\/twitter.jpg\" alt=\"\" width=\"567\" height=\"319\" srcset=\"https:\/\/static-blogs.hoy.es\/wp-content\/uploads\/sites\/41\/2014\/02\/twitter.jpg 630w, https:\/\/static-blogs.hoy.es\/wp-content\/uploads\/sites\/41\/2014\/02\/twitter-300x169.jpg 300w\" sizes=\"(max-width: 567px) 100vw, 567px\" \/><\/a><\/p>\n<p>\u00a0Por culpa de Internet, hemos cogido la costumbre de <strong>creernos inmunes, de opinar, criticar e, incluso, ir m\u00e1s all\u00e1, insultar cruelmente o amenazar, gracias a poder alterar nuestra identidad<\/strong>, a poder registrarnos con correos electr\u00f3nicos falsos y nombres de usuarios inventados<strong> en foros, redes sociales, medios de comunicaci\u00f3n, etc.<\/strong> Y lo peor es que sabemos que las consecuencias pueden ser graves, que nuestra IP nos delata, pero la visceralidad se nos va de las manos.<\/p>\n<p>Cada dos por tres, aparecen noticias en la prensa en las que<strong> usuarios de redes sociales han sido denunciados por acosar, difamar o amenazar a pol\u00edticos, humoristas, periodistas&#8230;<\/strong> Tantos casos que cada vez nos parece m\u00e1s habitual. Lo raro ser\u00e1 el d\u00eda que no se produzca esto. El \u00faltimo que le\u00ed fue el de <strong>una chica de 21 a\u00f1os que hab\u00eda sido condenada a un a\u00f1o de prisi\u00f3n por pedir la vuelta de los Grapo para hacer &#8220;una limpieza de fachas urgente&#8221;.<\/strong> Una chica joven, de mi edad, que algo que escribi\u00f3 alterada por la situaci\u00f3n en la que nos encontramos, le ha dejado antecedentes de por vida.<\/p>\n<p>He cogido una costumbre muy rara \u00faltimamente. <strong>No, no se trata de insultar a pol\u00edticos y pedir la vuelta de los Grapo.<\/strong> Como en este blog, <strong>cada vez que alguien comenta (me insulta, normalmente)<\/strong>, aparecen los datos y la direcci\u00f3n de correo electr\u00f3nico\u00a0\u00a0en el escritorio, aparte de re\u00edrme con algunas de las barbaridades que me dicen,<strong> busco en las redes sociales, normalmente en Facebook, sus perfiles a trav\u00e9s del email, para ponerles cara,<\/strong> para estudiar su mensaje hacia m\u00ed, casi siempre, tan cruel como claro.<\/p>\n<p>Desde que hago esto, la verdad es que <strong>me afectan menos las barbaridades que me dicen,<\/strong> sobre todo las basadas en la demagogia. Da gusto esto de poder <strong>mirar a los ojos a la foto de perfil de la persona que te insulta, te quita inseguridades, y sobre todo, te hace ver las suyas.<\/strong><\/p>\n<p>Con el mundo que estamos creando, o aprendemos todos a re\u00edrnos de nosotros mismos y de lo que nos dicen, siempre y cuando no nos amenacen, que eso ya son palabras mayores, <strong>o terminamos todos con antecedentes y en la c\u00e1rcel.<\/strong><\/p>\n<p>&nbsp;<\/p>\n<!-- AddThis Advanced Settings generic via filter on the_content --><!-- AddThis Share Buttons generic via filter on the_content -->","protected":false},"excerpt":{"rendered":"<p>\u00a0Por culpa de Internet, hemos cogido la costumbre de creernos inmunes, de opinar, criticar e, incluso, ir m\u00e1s all\u00e1, insultar cruelmente o amenazar, gracias a poder alterar nuestra identidad, a poder registrarnos con correos electr\u00f3nicos falsos y nombres de usuarios inventados en foros, redes sociales, medios de comunicaci\u00f3n, etc. Y lo peor es que sabemos [&hellip;]<!-- AddThis Advanced Settings generic via filter on get_the_excerpt --><!-- AddThis Share Buttons generic via filter on get_the_excerpt --><\/p>\n","protected":false},"author":45,"featured_media":0,"comment_status":"open","ping_status":"closed","sticky":false,"template":"","format":"standard","meta":[],"categories":[3],"tags":[28,191,226,477,711,831,1060,1091,1184,1405,1630,1732,1905,2057,2064,2135,2139,2604,2895,2973,3176,3187,3313,3403,3529],"_links":{"self":[{"href":"https:\/\/blogs.hoy.es\/solitaencaceres\/wp-json\/wp\/v2\/posts\/880"}],"collection":[{"href":"https:\/\/blogs.hoy.es\/solitaencaceres\/wp-json\/wp\/v2\/posts"}],"about":[{"href":"https:\/\/blogs.hoy.es\/solitaencaceres\/wp-json\/wp\/v2\/types\/post"}],"author":[{"embeddable":true,"href":"https:\/\/blogs.hoy.es\/solitaencaceres\/wp-json\/wp\/v2\/users\/45"}],"replies":[{"embeddable":true,"href":"https:\/\/blogs.hoy.es\/solitaencaceres\/wp-json\/wp\/v2\/comments?post=880"}],"version-history":[{"count":0,"href":"https:\/\/blogs.hoy.es\/solitaencaceres\/wp-json\/wp\/v2\/posts\/880\/revisions"}],"wp:attachment":[{"href":"https:\/\/blogs.hoy.es\/solitaencaceres\/wp-json\/wp\/v2\/media?parent=880"}],"wp:term":[{"taxonomy":"category","embeddable":true,"href":"https:\/\/blogs.hoy.es\/solitaencaceres\/wp-json\/wp\/v2\/categories?post=880"},{"taxonomy":"post_tag","embeddable":true,"href":"https:\/\/blogs.hoy.es\/solitaencaceres\/wp-json\/wp\/v2\/tags?post=880"}],"curies":[{"name":"wp","href":"https:\/\/api.w.org\/{rel}","templated":true}]}}