{"id":884,"date":"2014-02-06T10:00:41","date_gmt":"2014-02-06T10:00:41","guid":{"rendered":"http:\/\/blogs.hoy.es\/solitaencaceres\/?p=884"},"modified":"2014-02-06T10:00:41","modified_gmt":"2014-02-06T10:00:41","slug":"quiero-ser-erasmus","status":"publish","type":"post","link":"https:\/\/blogs.hoy.es\/solitaencaceres\/2014\/02\/06\/quiero-ser-erasmus\/","title":{"rendered":"Quiero ser Erasmus"},"content":{"rendered":"<p style=\"text-align: center;\"><a href=\"\/solitaencaceres\/wp-content\/uploads\/sites\/41\/2014\/02\/Salamanca.jpg\"><img loading=\"lazy\" class=\"aligncenter  wp-image-885\" title=\"Viajando con el equipaje a cuestas\" src=\"\/solitaencaceres\/wp-content\/uploads\/sites\/41\/2014\/02\/Salamanca.jpg\" alt=\"\" width=\"622\" height=\"334\" srcset=\"https:\/\/static-blogs.hoy.es\/wp-content\/uploads\/sites\/41\/2014\/02\/Salamanca.jpg 1151w, https:\/\/static-blogs.hoy.es\/wp-content\/uploads\/sites\/41\/2014\/02\/Salamanca-300x161.jpg 300w, https:\/\/static-blogs.hoy.es\/wp-content\/uploads\/sites\/41\/2014\/02\/Salamanca-768x413.jpg 768w, https:\/\/static-blogs.hoy.es\/wp-content\/uploads\/sites\/41\/2014\/02\/Salamanca-1024x551.jpg 1024w\" sizes=\"(max-width: 622px) 100vw, 622px\" \/><\/a><\/p>\n<p>La semana pasada, decid\u00ed <strong>rellenar la inscripci\u00f3n de la Erasmus<\/strong> como suelo hacer todo en la vida: sin pensar. De hecho, ni me mir\u00e9 las bases, ni sab\u00eda si ten\u00eda que hacer ex\u00e1menes <strong>ni las condiciones que ten\u00eda que tener para poder optar a ser beneficiaria.<\/strong> Esta semana, ya m\u00e1s calmada, me he dado cuenta de que estoy <strong>a falta de cr\u00e9ditos para poder irme<\/strong>, pues 30 son los m\u00ednimos y tendr\u00eda que suspender una asignatura al final de este curso para poder obtenerlos. Puede llegar a tener su punto tener que pedirle a alg\u00fan profesor <strong>que me suspenda una asignatura para irme al extranjero a aprobarla.<\/strong><\/p>\n<p>Tampoco me hace gracia el hecho de pensar en t<strong>ener que hacer el TFG (Trabajo de fin de grado) fuera de Extremadura,<\/strong> porque no s\u00e9 si tendr\u00eda que hacerlo en otro idioma, con temas del pa\u00eds que me adjudicasen, ni si tendr\u00eda que exponerlo all\u00ed o aqu\u00ed. La verdad es que he tenido a\u00f1os tranquilos de carrera, en los que me sobraban cr\u00e9ditos para poder irme con la beca Erasmus a estudiar fuera, pero <strong>hasta ahora no he tenido la necesidad de salir de aqu\u00ed, de despejarme un poco, de cambiar de aires<\/strong> por seis meses, los que puedo con 30 cr\u00e9ditos.<\/p>\n<p>Veo bastantes inconvenientes para que me den la beca, pero <strong>me ilusiona el hecho de coger un mapa de Europa y pensar a d\u00f3nde me puedo ir.<\/strong> Es bonito ilusionarse, ya tendr\u00e9 tiempo para reponerme del golpe si no me cogen, pero es guay ser feliz so\u00f1ando despierta. No busco que me den una ciudad importante, ni una Universidad con prestigio, de hecho, se me ha metido en la cabeza que<strong> quiero irme a Polonia, a vivir rodeada de nieve, a pasar fr\u00edo, a comprobar c\u00f3mo es estar en una ciudad con esas condiciones clim\u00e1ticas que suelen afectar al car\u00e1cter de sus habitantes.<\/strong> A ver si es cierto eso que me dicen de que debo tener antecesores polacos no solo por mi piel clara, sino tambi\u00e9n <strong>por mi car\u00e1cter fr\u00edo, que no coincide para nada con la descripci\u00f3n de espa\u00f1ol t\u00edpico del anuncio de Campofr\u00edo.<\/strong><\/p>\n<!-- AddThis Advanced Settings generic via filter on the_content --><!-- AddThis Share Buttons generic via filter on the_content -->","protected":false},"excerpt":{"rendered":"<p>La semana pasada, decid\u00ed rellenar la inscripci\u00f3n de la Erasmus como suelo hacer todo en la vida: sin pensar. De hecho, ni me mir\u00e9 las bases, ni sab\u00eda si ten\u00eda que hacer ex\u00e1menes ni las condiciones que ten\u00eda que tener para poder optar a ser beneficiaria. Esta semana, ya m\u00e1s calmada, me he dado cuenta [&hellip;]<!-- AddThis Advanced Settings generic via filter on get_the_excerpt --><!-- AddThis Share Buttons generic via filter on get_the_excerpt --><\/p>\n","protected":false},"author":45,"featured_media":0,"comment_status":"open","ping_status":"closed","sticky":false,"template":"","format":"standard","meta":[],"categories":[3],"tags":[36,310,433,1076,1465,1581,1597,1620,1622,2125,2858,3314,3479,3892,3988,4074,4191],"_links":{"self":[{"href":"https:\/\/blogs.hoy.es\/solitaencaceres\/wp-json\/wp\/v2\/posts\/884"}],"collection":[{"href":"https:\/\/blogs.hoy.es\/solitaencaceres\/wp-json\/wp\/v2\/posts"}],"about":[{"href":"https:\/\/blogs.hoy.es\/solitaencaceres\/wp-json\/wp\/v2\/types\/post"}],"author":[{"embeddable":true,"href":"https:\/\/blogs.hoy.es\/solitaencaceres\/wp-json\/wp\/v2\/users\/45"}],"replies":[{"embeddable":true,"href":"https:\/\/blogs.hoy.es\/solitaencaceres\/wp-json\/wp\/v2\/comments?post=884"}],"version-history":[{"count":0,"href":"https:\/\/blogs.hoy.es\/solitaencaceres\/wp-json\/wp\/v2\/posts\/884\/revisions"}],"wp:attachment":[{"href":"https:\/\/blogs.hoy.es\/solitaencaceres\/wp-json\/wp\/v2\/media?parent=884"}],"wp:term":[{"taxonomy":"category","embeddable":true,"href":"https:\/\/blogs.hoy.es\/solitaencaceres\/wp-json\/wp\/v2\/categories?post=884"},{"taxonomy":"post_tag","embeddable":true,"href":"https:\/\/blogs.hoy.es\/solitaencaceres\/wp-json\/wp\/v2\/tags?post=884"}],"curies":[{"name":"wp","href":"https:\/\/api.w.org\/{rel}","templated":true}]}}