{"id":903,"date":"2014-03-07T13:56:28","date_gmt":"2014-03-07T13:56:28","guid":{"rendered":"http:\/\/blogs.hoy.es\/solitaencaceres\/?p=903"},"modified":"2014-03-07T13:56:28","modified_gmt":"2014-03-07T13:56:28","slug":"roma-bien-vale-un-mantel","status":"publish","type":"post","link":"https:\/\/blogs.hoy.es\/solitaencaceres\/2014\/03\/07\/roma-bien-vale-un-mantel\/","title":{"rendered":"Roma bien vale un mantel"},"content":{"rendered":"<p style=\"text-align: center;\"><a href=\"\/solitaencaceres\/wp-content\/uploads\/sites\/41\/2014\/03\/I-love-Roma.png\"><img loading=\"lazy\" class=\"aligncenter  wp-image-904\" title=\"I love Roma\" src=\"\/solitaencaceres\/wp-content\/uploads\/sites\/41\/2014\/03\/I-love-Roma.png\" alt=\"\" width=\"498\" height=\"333\" srcset=\"https:\/\/static-blogs.hoy.es\/wp-content\/uploads\/sites\/41\/2014\/03\/I-love-Roma.png 921w, https:\/\/static-blogs.hoy.es\/wp-content\/uploads\/sites\/41\/2014\/03\/I-love-Roma-300x201.png 300w, https:\/\/static-blogs.hoy.es\/wp-content\/uploads\/sites\/41\/2014\/03\/I-love-Roma-768x514.png 768w\" sizes=\"(max-width: 498px) 100vw, 498px\" \/><\/a><\/p>\n<p><strong>Muchos destinos para irme de Erasmus y cada cual con m\u00e1s atractivo.<\/strong> Dif\u00edciles decisiones: qu\u00e9 idioma aprender y perfeccionar, qu\u00e9 cultura descubrir y adaptar a mi vida, qu\u00e9 universidad incluir en mi expediente acad\u00e9mico y, sobre todo, qu\u00e9 ciudad tiene m\u00e1s que fotografiar. Tal vez <strong>esto \u00faltimo fue lo que me influy\u00f3 verdaderamente a la hora de tomar la decisi\u00f3n<\/strong>, m\u00e1s que el <strong>tiempo atmosf\u00e9rico<\/strong> <strong>o el nivel de vida,<\/strong> que suelen ser fundamentales a la hora de elegir una opci\u00f3n.<\/p>\n<p><strong>Roma, ese es mi destino.<\/strong> No, no escuch\u00e9 el d\u00eda anterior a la elecci\u00f3n la canci\u00f3n de<strong> Lady Gaga (Roma, Roma-ma&#8230;),<\/strong> ni pas\u00e9 por una de esas tiendas que <strong>llevan un punto delante del nombre de la ciudad en la que pasar\u00e9 cinco meses.<\/strong> Simplemente, la tarde antes, llena de dudas, tomando un caf\u00e9 en mi sal\u00f3n,<strong> repar\u00e9 en una instant\u00e1nea del Coliseo romano impresa en mi mantel.<\/strong><\/p>\n<p>El mantel que tengo lo compr\u00e9 el a\u00f1o pasado en<strong> El Faro en Badajoz.<\/strong> Me llam\u00f3 la atenci\u00f3n porque me pareci\u00f3 <strong>un mapa de destinos imprescindibles para una viajante nata como yo.<\/strong> Es un mantel que me ha permitido hasta ahora, que no tengo nivel adquisitivo, al menos, so\u00f1ar. Consta de seis ciudades: <strong>Par\u00eds, Londres, Nueva York, Berl\u00edn, Roma y Praga.<\/strong> Las primeras tres las he visitado y, a veces, mientras como, ver im\u00e1genes de esas ciudades bajo mis cubiertos, <strong>me permite recordar buenos momentos.<\/strong> Las tres \u00faltimas, son una asignatura pendiente. Gracias a <strong>este insignificante elemento que protege las enaguas de mi camilla de posibles manchas, uno de esos so\u00f1ados destinos va a convertirse en realidad, si la Universidad de Roma &#8216;La Sapienza&#8217; me acepta, que es el \u00fanico factor que puede perturbarme el viaje.<\/strong><\/p>\n<p>Mucha gente puede pensar que he elegido Roma porque e<strong>ste a\u00f1o estoy estudiando italiano en la universidad,<\/strong> que tendr\u00eda su l\u00f3gica; porque <strong>tiene un buen clima,<\/strong> no como los destinos del norte que se me ofrec\u00edan; o porque tiene <strong>una cultura abierta tambi\u00e9n parecida a la nuestra.<\/strong> Pero no, sinceramente, el mantel y la horrorosa foto para mi gusto del <strong>Coliseo<\/strong>, que sale cortada, en comparaci\u00f3n con <strong>el Big Ben, la Estatua de la Libertad o la Torre Eiffel,<\/strong> han sido las claves para que eligiese Roma como ciudad donde vivir<strong> cinco meses de Erasmus.<\/strong> Y de las primeras cosas que har\u00e9 ser\u00e1 quitarme la espinita clavada de haber visto la foto del Coliseo cortada. Prometo sacar instant\u00e1neas bonitas y haceros disfrutar. <strong>Si Par\u00eds bien vale una misa, Roma bien vale un mantel.<\/strong><\/p>\n<!-- AddThis Advanced Settings generic via filter on the_content --><!-- AddThis Share Buttons generic via filter on the_content -->","protected":false},"excerpt":{"rendered":"<p>Muchos destinos para irme de Erasmus y cada cual con m\u00e1s atractivo. Dif\u00edciles decisiones: qu\u00e9 idioma aprender y perfeccionar, qu\u00e9 cultura descubrir y adaptar a mi vida, qu\u00e9 universidad incluir en mi expediente acad\u00e9mico y, sobre todo, qu\u00e9 ciudad tiene m\u00e1s que fotografiar. Tal vez esto \u00faltimo fue lo que me influy\u00f3 verdaderamente a la [&hellip;]<!-- AddThis Advanced Settings generic via filter on get_the_excerpt --><!-- AddThis Share Buttons generic via filter on get_the_excerpt --><\/p>\n","protected":false},"author":45,"featured_media":0,"comment_status":"open","ping_status":"closed","sticky":false,"template":"","format":"standard","meta":[],"categories":[3],"tags":[366,443,463,590,947,1129,1229,1359,1418,1465,1549,1608,1740,2066,2131,2296,2319,2434,2531,2536,2874,2925,3066,3353,3625,3996,4057,4191],"_links":{"self":[{"href":"https:\/\/blogs.hoy.es\/solitaencaceres\/wp-json\/wp\/v2\/posts\/903"}],"collection":[{"href":"https:\/\/blogs.hoy.es\/solitaencaceres\/wp-json\/wp\/v2\/posts"}],"about":[{"href":"https:\/\/blogs.hoy.es\/solitaencaceres\/wp-json\/wp\/v2\/types\/post"}],"author":[{"embeddable":true,"href":"https:\/\/blogs.hoy.es\/solitaencaceres\/wp-json\/wp\/v2\/users\/45"}],"replies":[{"embeddable":true,"href":"https:\/\/blogs.hoy.es\/solitaencaceres\/wp-json\/wp\/v2\/comments?post=903"}],"version-history":[{"count":0,"href":"https:\/\/blogs.hoy.es\/solitaencaceres\/wp-json\/wp\/v2\/posts\/903\/revisions"}],"wp:attachment":[{"href":"https:\/\/blogs.hoy.es\/solitaencaceres\/wp-json\/wp\/v2\/media?parent=903"}],"wp:term":[{"taxonomy":"category","embeddable":true,"href":"https:\/\/blogs.hoy.es\/solitaencaceres\/wp-json\/wp\/v2\/categories?post=903"},{"taxonomy":"post_tag","embeddable":true,"href":"https:\/\/blogs.hoy.es\/solitaencaceres\/wp-json\/wp\/v2\/tags?post=903"}],"curies":[{"name":"wp","href":"https:\/\/api.w.org\/{rel}","templated":true}]}}