{"id":908,"date":"2014-03-21T14:13:18","date_gmt":"2014-03-21T14:13:18","guid":{"rendered":"http:\/\/blogs.hoy.es\/solitaencaceres\/?p=908"},"modified":"2014-03-21T14:13:18","modified_gmt":"2014-03-21T14:13:18","slug":"fotografia-y-filologia","status":"publish","type":"post","link":"https:\/\/blogs.hoy.es\/solitaencaceres\/2014\/03\/21\/fotografia-y-filologia\/","title":{"rendered":"Fotograf\u00eda y Filolog\u00eda"},"content":{"rendered":"<p style=\"text-align: center;\"><a href=\"\/solitaencaceres\/wp-content\/uploads\/sites\/41\/2014\/03\/Carol-foto.jpg\"><img loading=\"lazy\" class=\"aligncenter  wp-image-909\" title=\"Carol foto\" src=\"\/solitaencaceres\/wp-content\/uploads\/sites\/41\/2014\/03\/Carol-foto.jpg\" alt=\"\" width=\"431\" height=\"646\" srcset=\"https:\/\/static-blogs.hoy.es\/wp-content\/uploads\/sites\/41\/2014\/03\/Carol-foto.jpg 2848w, https:\/\/static-blogs.hoy.es\/wp-content\/uploads\/sites\/41\/2014\/03\/Carol-foto-200x300.jpg 200w, https:\/\/static-blogs.hoy.es\/wp-content\/uploads\/sites\/41\/2014\/03\/Carol-foto-768x1152.jpg 768w, https:\/\/static-blogs.hoy.es\/wp-content\/uploads\/sites\/41\/2014\/03\/Carol-foto-683x1024.jpg 683w\" sizes=\"(max-width: 431px) 100vw, 431px\" \/><\/a><\/p>\n<p>El mi\u00e9rcoles por la noche, <strong>dos se\u00f1ores me dijeron que era muy joven para morir<\/strong> cuando cruzaban la calle por un paso de peatones en el que <strong>me encontraba tirada haciendo una foto a la luna desde el suelo<\/strong>, con un mini tr\u00edpode. Hac\u00eda un rato que no pasaban coches y no me lo pens\u00e9 dos veces, a sabiendas de que, si ven\u00eda alguno,<strong> deber\u00eda rodar hasta la acera r\u00e1pido para que no me pillase.<\/strong> Hace tiempo que no veo <strong>el peligro&#8230; ni la suciedad, ni siquiera las colillas del suelo<\/strong>, con lo mucho que me irritan. Si para hacer una foto chula tengo que llenarme los pantalones de la mierda que hay en el asfalto, solo cruzo los dedos <strong>para no encontrarme con un chicle en el camino.<\/strong><\/p>\n<p>Cuando en alguna conversaci\u00f3n cuento el material que llevo a clase, los d\u00edas que no me pierdo por el camino, que son bastantes, <strong>la gente alucina.<\/strong> Y es que desde que tengo la c\u00e1mara, <strong>no he vuelto a llevar el malet\u00edn con el port\u00e1til,<\/strong> a no ser que sea imprescindible un d\u00eda puntual. <strong>Tampoco llevo libros,<\/strong> como recuerdo que hac\u00eda sobre todo en primer y en segundo curso, que <strong>me cargu\u00e9 el asa de un bolso del peso que llevaba en literatura dentro.<\/strong> Tambi\u00e9n es cierto que, junto con la c\u00e1mara, en la mochila, <strong>siempre llevo el tablet, o la tablet, o como se diga&#8230;<\/strong> donde suelo tener los libros descargados en formato pdf. Aun as\u00ed, desde que la c\u00e1mara me acompa\u00f1a a la facultad, a lo sumo<strong> llevo un folio doblado a la mitad con un bol\u00edgrafo.<\/strong><\/p>\n<p>Esto ha hecho que \u00faltimamente entre<strong> en conflicto conmigo misma.<\/strong> He visto en la fotograf\u00eda <strong>una v\u00e1lvula de escape, una manera de sacar mi vena art\u00edstica,<\/strong> de sentirme realizada, viva, tambi\u00e9n una excusa para pasear sola, para relajarme, para hacer <strong>de una tarde dura una tarde culturalmente productiva.<\/strong> <strong>Cada d\u00eda leo menos y fotograf\u00edo m\u00e1s,<\/strong> cada d\u00eda tengo menos ganas de ponerme a escribir delante del port\u00e1til y m\u00e1s de echarme la mochila a la espalda y buscar las pocas zonas que a\u00fan no he debido descubrir de C\u00e1ceres, o de cualquier pueblo o ciudad que visito. <strong>Si pienso que tengo que leer alg\u00fan libro obligatoriamente, me sale un &#8216;uff&#8221; innato, cosa que antes no me suced\u00eda.<\/strong> En cambio, si me dicen que vamos a hacer fotos, aunque sean las tres de la ma\u00f1ana y haga un fr\u00edo infernal, no me lo pienso dos veces.<\/p>\n<p>No s\u00e9 si esto que me lleva tiempo sucediendo se debe a que<strong> ya tengo la carrera encauzada y no tengo la emoci\u00f3n y las inc\u00f3gnitas del principio o a que me he equivocado a la hora de elegir estudios,<\/strong> cuesti\u00f3n que me llena de dudas. Empiezo a <strong>anteponer lo que considero una afici\u00f3n a lo que se supone que me dar\u00e1 de comer alg\u00fan d\u00eda.<\/strong> Supongo que tambi\u00e9n me influye que, como aficionada a la fotograf\u00eda, me siento realizada, llena de energ\u00eda y <strong>con mucho que descubrir y aportar,<\/strong> <strong>y como futura fil\u00f3loga ando bastante perdida y no me siento tan eficaz.<\/strong> O supongo que leyendo en casa, el m\u00e1ximo peligro que corro es <strong>cortarme con el filo de las hojas de un libro o reventarme un dedo del pie si se me cae el\/la tablet encima, y si salgo con la c\u00e1mara, pueden desde pillarme coches, hasta peg\u00e1rseme chicles en los pantalones, pasando por que <a href=\"https:\/\/blogs.hoy.es\/solitaencaceres\/2014\/01\/30\/perseguida-por-la-parte-antigua\/\" target=\"_blank\">me persiga alguien encapuchado por la Parte Antigua<\/a>.<\/strong><\/p>\n<!-- AddThis Advanced Settings generic via filter on the_content --><!-- AddThis Share Buttons generic via filter on the_content -->","protected":false},"excerpt":{"rendered":"<p>El mi\u00e9rcoles por la noche, dos se\u00f1ores me dijeron que era muy joven para morir cuando cruzaban la calle por un paso de peatones en el que me encontraba tirada haciendo una foto a la luna desde el suelo, con un mini tr\u00edpode. Hac\u00eda un rato que no pasaban coches y no me lo pens\u00e9 [&hellip;]<!-- AddThis Advanced Settings generic via filter on get_the_excerpt --><!-- AddThis Share Buttons generic via filter on get_the_excerpt --><\/p>\n","protected":false},"author":45,"featured_media":0,"comment_status":"open","ping_status":"closed","sticky":false,"template":"","format":"standard","meta":[],"categories":[3],"tags":[304,577,638,838,894,900,946,1327,1570,1686,1687,1735,2013,2383,2406,2472,2506,2575,2726,3078,3126,3146,3333,3447,3871,3897,4101],"_links":{"self":[{"href":"https:\/\/blogs.hoy.es\/solitaencaceres\/wp-json\/wp\/v2\/posts\/908"}],"collection":[{"href":"https:\/\/blogs.hoy.es\/solitaencaceres\/wp-json\/wp\/v2\/posts"}],"about":[{"href":"https:\/\/blogs.hoy.es\/solitaencaceres\/wp-json\/wp\/v2\/types\/post"}],"author":[{"embeddable":true,"href":"https:\/\/blogs.hoy.es\/solitaencaceres\/wp-json\/wp\/v2\/users\/45"}],"replies":[{"embeddable":true,"href":"https:\/\/blogs.hoy.es\/solitaencaceres\/wp-json\/wp\/v2\/comments?post=908"}],"version-history":[{"count":0,"href":"https:\/\/blogs.hoy.es\/solitaencaceres\/wp-json\/wp\/v2\/posts\/908\/revisions"}],"wp:attachment":[{"href":"https:\/\/blogs.hoy.es\/solitaencaceres\/wp-json\/wp\/v2\/media?parent=908"}],"wp:term":[{"taxonomy":"category","embeddable":true,"href":"https:\/\/blogs.hoy.es\/solitaencaceres\/wp-json\/wp\/v2\/categories?post=908"},{"taxonomy":"post_tag","embeddable":true,"href":"https:\/\/blogs.hoy.es\/solitaencaceres\/wp-json\/wp\/v2\/tags?post=908"}],"curies":[{"name":"wp","href":"https:\/\/api.w.org\/{rel}","templated":true}]}}