{"id":91,"date":"2012-07-02T11:17:35","date_gmt":"2012-07-02T11:17:35","guid":{"rendered":"http:\/\/blogs.hoy.es\/solitaencaceres\/?p=91"},"modified":"2012-07-02T11:17:35","modified_gmt":"2012-07-02T11:17:35","slug":"a-donde-va-usted-abuelo","status":"publish","type":"post","link":"https:\/\/blogs.hoy.es\/solitaencaceres\/2012\/07\/02\/a-donde-va-usted-abuelo\/","title":{"rendered":"\u00a1A d\u00f3nde va usted, abuelo!"},"content":{"rendered":"<div id=\"attachment_92\" style=\"width: 585px\" class=\"wp-caption aligncenter\"><a href=\"\/solitaencaceres\/wp-content\/uploads\/sites\/41\/2012\/07\/Captura.jpg\"><img aria-describedby=\"caption-attachment-92\" loading=\"lazy\" class=\"size-full wp-image-92 \" title=\"Disfrutando del Italia-Espa\u00f1a en C\u00e1novas\" src=\"\/solitaencaceres\/wp-content\/uploads\/sites\/41\/2012\/07\/Captura.jpg\" alt=\"Disfrutando del Italia-Espa\u00f1a en C\u00e1novas\" width=\"575\" height=\"432\" srcset=\"https:\/\/static-blogs.hoy.es\/wp-content\/uploads\/sites\/41\/2012\/07\/Captura.jpg 821w, https:\/\/static-blogs.hoy.es\/wp-content\/uploads\/sites\/41\/2012\/07\/Captura-300x225.jpg 300w, https:\/\/static-blogs.hoy.es\/wp-content\/uploads\/sites\/41\/2012\/07\/Captura-768x577.jpg 768w\" sizes=\"(max-width: 575px) 100vw, 575px\" \/><\/a><p id=\"caption-attachment-92\" class=\"wp-caption-text\">Disfrutando del Italia-Espa\u00f1a en C\u00e1novas<\/p><\/div>\n<p>Cada vez que hay <strong>un acontecimiento interesante<\/strong> y divertido los fines de semana me pongo triste. <strong>Es una pena no poder grabar un s\u00e1bado<\/strong> porque no podr\u00eda salir en<a href=\"http:\/\/www.hoy.es\/videos\/a-fondo\/caceres-insolita\/\"> C\u00e1ceres Ins\u00f3lita<\/a> <strong>hasta el siguiente s\u00e1bado<\/strong>. Ya nos sucedi\u00f3 en el <a href=\"http:\/\/www.hoy.es\/videos\/noticias-de-extremadura\/extremadura\/1691647346001-caceres-insolita-alaska-bebe-sidra-gaitero.html\">Extrepride<\/a>, que de los tres d\u00edas, <strong>solo pudimos grabar el jueves<\/strong>, el que menos gente y ambiente hab\u00eda.<\/p>\n<p><strong>Este domingo era un d\u00eda para hacer un gran <a href=\"http:\/\/www.hoy.es\/videos\/a-fondo\/caceres-insolita\/\">C\u00e1ceres Ins\u00f3lita<\/a><\/strong>. La ciudad ten\u00eda muy buen ambiente, la gente estaba contenta. Yo llevaba la<strong> c\u00e1mara peque\u00f1a<\/strong>, la que utiliz\u00e1bamos antes para grabar. <strong>Iba muy espa\u00f1ola<\/strong>, con una bufanda en forma de cintur\u00f3n y una camiseta roja. Alonso\u00a0en cambio, iba m\u00e1s de <strong>se\u00f1or serio con su camisa blanca y sus vaqueros<\/strong>. Yo quer\u00eda pintarme la cara de rojo, amarillo y morado, en plan provocador, y \u00e9l no me dejaba.<\/p>\n<p style=\"text-align: center;\"><a href=\"\/solitaencaceres\/wp-content\/uploads\/sites\/41\/2012\/07\/Captura2.jpg\"><img loading=\"lazy\" class=\"aligncenter size-full wp-image-93\" title=\"Celebrando la victoria\" src=\"\/solitaencaceres\/wp-content\/uploads\/sites\/41\/2012\/07\/Captura2.jpg\" alt=\"\" width=\"575\" height=\"432\" srcset=\"https:\/\/static-blogs.hoy.es\/wp-content\/uploads\/sites\/41\/2012\/07\/Captura2.jpg 822w, https:\/\/static-blogs.hoy.es\/wp-content\/uploads\/sites\/41\/2012\/07\/Captura2-300x225.jpg 300w, https:\/\/static-blogs.hoy.es\/wp-content\/uploads\/sites\/41\/2012\/07\/Captura2-768x576.jpg 768w\" sizes=\"(max-width: 575px) 100vw, 575px\" \/><\/a><\/p>\n<p>\u00a0\u00a0\u00a0\u00a0\u00a0\u00a0\u00a0\u00a0\u00a0\u00a0\u00a0\u00a0\u00a0\u00a0\u00a0 Cuando llegamos a los bares, <strong>todos los asientos estaban ocupados<\/strong>. De repente, encontr\u00e1bamos uno en <a href=\"http:\/\/www.hoy.es\/pg060414\/prensa\/noticias\/Caceres\/200604\/14\/HOY-CAC-029.html\">Man\u00f3metro<\/a> y cuando \u00edbamos a sentarnos, ve\u00edamos encima de la mesa <strong>un cartel de reservado<\/strong>. No era nuestro d\u00eda. Camin\u00e1bamos hacia la plaza, desesperados, y <strong>el partido comenzaba<\/strong>. Yo quer\u00eda hacer <strong>un peque\u00f1o v\u00eddeo para el<a href=\"https:\/\/blogs.hoy.es\/solitaencaceres\/\"> blog<\/a><\/strong>, en plan C\u00e1ceres Ins\u00f3lita, pero no me hac\u00edan caso.<\/p>\n<p>Subimos de nuevo a <a href=\"http:\/\/www.hoy.es\/20080907\/regional\/canovas-pijos-parejas-indigentes-20080907.html\" target=\"_blank\">C\u00e1novas<\/a>, y pasando a la altura de la fuente luminosa, escuchamos a la gente <strong>celebrar el <a href=\"http:\/\/www.hoy.es\/rc\/20120702\/deportes\/futbol\/espana-unica-eterna-201207020815.html\" target=\"_blank\">primer gol<\/a><\/strong>. Discutimos, nos echamos la culpa, <strong>corrimos a ver la repetici\u00f3n<\/strong>. Yo segu\u00eda con la c\u00e1mara en la mano, queriendo hacer <strong>una grabaci\u00f3n fallida cada vez m\u00e1s lejana.<\/strong> No discut\u00edamos por pisar el micro, ni por no tener iluminaci\u00f3n, <strong>esos problemas ya los est\u00e1bamos superando<\/strong>.<\/p>\n<p style=\"text-align: center;\"><a href=\"\/solitaencaceres\/wp-content\/uploads\/sites\/41\/2012\/07\/DSC_0856.jpg\"><img loading=\"lazy\" class=\"aligncenter size-full wp-image-96\" title=\"Pantalla en C\u00e1novas\" src=\"\/solitaencaceres\/wp-content\/uploads\/sites\/41\/2012\/07\/DSC_0856.jpg\" alt=\"\" width=\"635\" height=\"357\" srcset=\"https:\/\/static-blogs.hoy.es\/wp-content\/uploads\/sites\/41\/2012\/07\/DSC_0856.jpg 3264w, https:\/\/static-blogs.hoy.es\/wp-content\/uploads\/sites\/41\/2012\/07\/DSC_0856-300x169.jpg 300w, https:\/\/static-blogs.hoy.es\/wp-content\/uploads\/sites\/41\/2012\/07\/DSC_0856-768x432.jpg 768w, https:\/\/static-blogs.hoy.es\/wp-content\/uploads\/sites\/41\/2012\/07\/DSC_0856-1024x576.jpg 1024w\" sizes=\"(max-width: 635px) 100vw, 635px\" \/><\/a><\/p>\n<p>En el medio de C\u00e1novas hab\u00eda <strong>una pantalla muy grande.<\/strong> Yo me sent\u00e9 en<strong> un bordillo debajo de un \u00e1rbol<\/strong> y \u00e9l estuvo de pie en la otra punta. Al final, <strong>cogimos el mejor sitio<\/strong>, con unas sillas altas y sin cabezas que nos molestaran.<strong> Hasta consegu\u00ed ponerle mi bufanda en la cabeza.<\/strong><\/p>\n<p>Yo era<strong> la primera vez que quer\u00eda que ganase Espa\u00f1a<\/strong> desde que<a href=\"http:\/\/www.hoy.es\/eurocopa\/2012-polonia-ucrania\/noticias\/arconada-raul-zidane-tragedias-201206221828-rc.html\" target=\"_blank\"> Ra\u00fal<\/a>, mi \u00eddolo futbol\u00edstico, no va a la selecci\u00f3n. Suena raro, pero <strong>la anterior <a href=\"http:\/\/www.hoy.es\/rc\/20120702\/deportes\/futbol\/espana-unica-eterna-201207020815.html\" target=\"_blank\">Eurocopa<\/a> y el <a href=\"http:\/\/www.hoy.es\/eurocopa\/2012-polonia-ucrania\/noticias\/proxima-parada-brasil-201207011807-rc.html\" target=\"_blank\">Mundial<\/a>, los pas\u00e9 en casa sin celebrarlos<\/strong>. Estando en son de paz, Alonso y yo hab\u00edamos decidido grabar el peque\u00f1o v\u00eddeo <strong>tras acabar el partido<\/strong>, a la hora de celebrarlo.<\/p>\n<p>El \u00e1rbitro pit\u00f3 el final. <strong>Todo el mundo aplaudi\u00f3, silb\u00f3, cant\u00f3\u2026 C\u00e1ceres era una fiesta.<\/strong> Los coches llevaban banderas de Espa\u00f1a y animaban la ciudad. Nosotros segu\u00edamos la caravana. Todos llev\u00e1bamos un destino fijo:<strong> el <a href=\"http:\/\/www.hoy.es\/multimedia\/fotos\/ultimos\/101727-seleccion-tine-extremadura-rojo-0.html\" target=\"_blank\">parque del Rodeo<\/a>.<\/strong><\/p>\n<p style=\"text-align: center;\"><a href=\"\/solitaencaceres\/wp-content\/uploads\/sites\/41\/2012\/07\/DSC_0858.jpg\"><img loading=\"lazy\" class=\"aligncenter size-full wp-image-94\" title=\"Lago del parque del Rodeo\" src=\"\/solitaencaceres\/wp-content\/uploads\/sites\/41\/2012\/07\/DSC_0858.jpg\" alt=\"\" width=\"635\" height=\"357\" srcset=\"https:\/\/static-blogs.hoy.es\/wp-content\/uploads\/sites\/41\/2012\/07\/DSC_0858.jpg 3264w, https:\/\/static-blogs.hoy.es\/wp-content\/uploads\/sites\/41\/2012\/07\/DSC_0858-300x169.jpg 300w, https:\/\/static-blogs.hoy.es\/wp-content\/uploads\/sites\/41\/2012\/07\/DSC_0858-768x432.jpg 768w, https:\/\/static-blogs.hoy.es\/wp-content\/uploads\/sites\/41\/2012\/07\/DSC_0858-1024x576.jpg 1024w\" sizes=\"(max-width: 635px) 100vw, 635px\" \/><\/a><\/p>\n<p>\u00a0\u00a0\u00a0\u00a0\u00a0\u00a0\u00a0\u00a0\u00a0\u00a0\u00a0\u00a0\u00a0\u00a0\u00a0 Unos chicos jovencitos animaban a tocar el claxon a todo el que iba en coche. Cuando pasamos por donde estaban ellos, uno le dijo a Alonso:<strong> \u00a1A d\u00f3nde va usted, abuelo!<\/strong> A partir de ah\u00ed, se estrope\u00f3 mi proyecto de realizar un v\u00eddeo. Alonso nunca hab\u00eda ido al parque del Rodeo a celebrar un t\u00edtulo. <strong>Pensaba que solo hab\u00eda gente joven y se cre\u00eda rid\u00edculo.<\/strong><\/p>\n<p><strong>Yo quer\u00eda ba\u00f1arme en la fuente<\/strong>. Y le vacilaba con mojarlo y tirarlo al agua. \u00c9l, como buen hipocondr\u00edaco, me dec\u00eda que<strong> no quer\u00eda pasarse todas las vacaciones de verano constipado,<\/strong> y alegaba que era un abuelo, frase que ya me estuvo repitiendo toda la noche. A m\u00ed me cort\u00f3 el rollo de tal manera que <strong>se me quitaron las ganas de agua y de grabar<\/strong> y me tir\u00e9 en la hierba hasta que se le pasara la<strong> histeria.<\/strong><\/p>\n<p>Ya he aprendido la lecci\u00f3n, <strong>nada de innovaciones ni de intentar grabar los fines de semana<\/strong>. Al final, acabamos recordando que Espa\u00f1a hab\u00eda ganado gracias a que <strong>fuimos a celebrarlo al <a href=\"http:\/\/www.hoy.es\/20080608\/regional\/sabe-extremadura-controles-campo-20080608.html\" target=\"_blank\">McDonald&#8217;s<\/a>, <\/strong>donde hab\u00eda casi m\u00e1s gente que<strong> en el Rodeo festejando la victoria.<\/strong><\/p>\n<p style=\"text-align: center;\"><a href=\"\/solitaencaceres\/wp-content\/uploads\/sites\/41\/2012\/07\/DSC_0861.jpg\"><img loading=\"lazy\" class=\"aligncenter size-full wp-image-95\" title=\"En el McDonald's\" src=\"\/solitaencaceres\/wp-content\/uploads\/sites\/41\/2012\/07\/DSC_0861.jpg\" alt=\"\" width=\"635\" height=\"357\" srcset=\"https:\/\/static-blogs.hoy.es\/wp-content\/uploads\/sites\/41\/2012\/07\/DSC_0861.jpg 3264w, https:\/\/static-blogs.hoy.es\/wp-content\/uploads\/sites\/41\/2012\/07\/DSC_0861-300x169.jpg 300w, https:\/\/static-blogs.hoy.es\/wp-content\/uploads\/sites\/41\/2012\/07\/DSC_0861-768x432.jpg 768w, https:\/\/static-blogs.hoy.es\/wp-content\/uploads\/sites\/41\/2012\/07\/DSC_0861-1024x576.jpg 1024w\" sizes=\"(max-width: 635px) 100vw, 635px\" \/><\/a><\/p>\n<!-- AddThis Advanced Settings generic via filter on the_content --><!-- AddThis Share Buttons generic via filter on the_content -->","protected":false},"excerpt":{"rendered":"<p>Cada vez que hay un acontecimiento interesante y divertido los fines de semana me pongo triste. Es una pena no poder grabar un s\u00e1bado porque no podr\u00eda salir en C\u00e1ceres Ins\u00f3lita hasta el siguiente s\u00e1bado. Ya nos sucedi\u00f3 en el Extrepride, que de los tres d\u00edas, solo pudimos grabar el jueves, el que menos gente [&hellip;]<!-- AddThis Advanced Settings generic via filter on get_the_excerpt --><!-- AddThis Share Buttons generic via filter on get_the_excerpt --><\/p>\n","protected":false},"author":45,"featured_media":0,"comment_status":"open","ping_status":"closed","sticky":false,"template":"","format":"standard","meta":[],"categories":[3],"tags":[173,274,387,477,543,582,689,747,1511,1514,1580,1626,2003,2336,2527,2586,2805,3038,3075,3085,3167,3391,3500,3621],"_links":{"self":[{"href":"https:\/\/blogs.hoy.es\/solitaencaceres\/wp-json\/wp\/v2\/posts\/91"}],"collection":[{"href":"https:\/\/blogs.hoy.es\/solitaencaceres\/wp-json\/wp\/v2\/posts"}],"about":[{"href":"https:\/\/blogs.hoy.es\/solitaencaceres\/wp-json\/wp\/v2\/types\/post"}],"author":[{"embeddable":true,"href":"https:\/\/blogs.hoy.es\/solitaencaceres\/wp-json\/wp\/v2\/users\/45"}],"replies":[{"embeddable":true,"href":"https:\/\/blogs.hoy.es\/solitaencaceres\/wp-json\/wp\/v2\/comments?post=91"}],"version-history":[{"count":0,"href":"https:\/\/blogs.hoy.es\/solitaencaceres\/wp-json\/wp\/v2\/posts\/91\/revisions"}],"wp:attachment":[{"href":"https:\/\/blogs.hoy.es\/solitaencaceres\/wp-json\/wp\/v2\/media?parent=91"}],"wp:term":[{"taxonomy":"category","embeddable":true,"href":"https:\/\/blogs.hoy.es\/solitaencaceres\/wp-json\/wp\/v2\/categories?post=91"},{"taxonomy":"post_tag","embeddable":true,"href":"https:\/\/blogs.hoy.es\/solitaencaceres\/wp-json\/wp\/v2\/tags?post=91"}],"curies":[{"name":"wp","href":"https:\/\/api.w.org\/{rel}","templated":true}]}}